
{"id":4493,"date":"2006-03-13T00:00:00","date_gmt":"2006-03-13T00:00:00","guid":{"rendered":"https:\/\/www.tnsglobal.pl\/archiwumraportow\/2006\/03\/13\/polska-w-europie-i-swiecie\/"},"modified":"2006-03-13T00:00:00","modified_gmt":"2006-03-13T00:00:00","slug":"polska-w-europie-i-swiecie","status":"publish","type":"post","link":"https:\/\/public.kantarpolska.com\/archiwumraportow\/2006\/03\/13\/polska-w-europie-i-swiecie\/","title":{"rendered":"Polska w Europie i \u015bwiecie"},"content":{"rendered":"<p>Polityczne emocje w Polsce zosta\u0142y zdominowane przez problemy polityki wewn\u0119trznej. Polityka zagraniczna pozostaje w ich cieniu. W polityce wewn\u0119trznej stale si\u0119 co\u015b dzieje &#8211; sprawy polityki zagranicznej<!--more--> natomiast w debacie medialnej si\u0119 &#8222;pojawiaj\u0105&#8221;, najcz\u0119\u015bciej przy okazji wizyt, szczeg\u00f3lnie wizyt zagranicznych nowego prezydenta. Sprawy miejsca Polski w \u015bwiecie i jej stosunk\u00f3w z s\u0105siadami znalaz\u0142y si\u0119 w sonda\u017cu TNS OBOP, przeprowadzonym w dniach 9-13 marca 2006 r., nota bene tu\u017c po wizycie Prezydenta Lecha Kaczy\u0144skiego w Niemczech.  W komunikacie przedstawiono wyniki tego sonda\u017cu.<\/p>\n<div class=\"infopay\">Raport udost\u0119pniany jest bezp\u0142atnie, w us\u0142udze &#8222;udost\u0119pnij aby pobra\u0107&#8221;.<br \/>\n          <b>Na czym to polega?<\/b> Raport b\u0119dzie dost\u0119pny do pobrania w pdf po udost\u0119pnieniu wpisu z linkiem do Archiwum Raport\u00f3w TNS Polska na wybranym serwisie spo\u0142eczno\u015bciowym: Facebooku lub Twitterze.\n          <\/div>\n","protected":false},"excerpt":{"rendered":"<p>Polityczne emocje w Polsce zosta\u0142y zdominowane przez problemy polityki wewn\u0119trznej. Polityka zagraniczna pozostaje w ich cieniu. W polityce wewn\u0119trznej stale si\u0119 co\u015b dzieje &#8211; sprawy polityki zagranicznej<\/p>\n","protected":false},"author":1,"featured_media":0,"comment_status":"closed","ping_status":"closed","sticky":false,"template":"","format":"standard","meta":{"ngg_post_thumbnail":0},"categories":[1],"tags":[],"_links":{"self":[{"href":"https:\/\/public.kantarpolska.com\/archiwumraportow\/wp-json\/wp\/v2\/posts\/4493"}],"collection":[{"href":"https:\/\/public.kantarpolska.com\/archiwumraportow\/wp-json\/wp\/v2\/posts"}],"about":[{"href":"https:\/\/public.kantarpolska.com\/archiwumraportow\/wp-json\/wp\/v2\/types\/post"}],"author":[{"embeddable":true,"href":"https:\/\/public.kantarpolska.com\/archiwumraportow\/wp-json\/wp\/v2\/users\/1"}],"replies":[{"embeddable":true,"href":"https:\/\/public.kantarpolska.com\/archiwumraportow\/wp-json\/wp\/v2\/comments?post=4493"}],"version-history":[{"count":0,"href":"https:\/\/public.kantarpolska.com\/archiwumraportow\/wp-json\/wp\/v2\/posts\/4493\/revisions"}],"wp:attachment":[{"href":"https:\/\/public.kantarpolska.com\/archiwumraportow\/wp-json\/wp\/v2\/media?parent=4493"}],"wp:term":[{"taxonomy":"category","embeddable":true,"href":"https:\/\/public.kantarpolska.com\/archiwumraportow\/wp-json\/wp\/v2\/categories?post=4493"},{"taxonomy":"post_tag","embeddable":true,"href":"https:\/\/public.kantarpolska.com\/archiwumraportow\/wp-json\/wp\/v2\/tags?post=4493"}],"curies":[{"name":"wp","href":"https:\/\/api.w.org\/{rel}","templated":true}]}}