
{"id":4491,"date":"2006-03-13T00:00:00","date_gmt":"2006-03-13T00:00:00","guid":{"rendered":"https:\/\/www.tnsglobal.pl\/archiwumraportow\/2006\/03\/13\/o-wolnosci-slowa-i-mediow\/"},"modified":"2006-03-13T00:00:00","modified_gmt":"2006-03-13T00:00:00","slug":"o-wolnosci-slowa-i-mediow","status":"publish","type":"post","link":"https:\/\/public.kantarpolska.com\/archiwumraportow\/2006\/03\/13\/o-wolnosci-slowa-i-mediow\/","title":{"rendered":"O wolno\u015bci s\u0142owa i medi\u00f3w"},"content":{"rendered":"<p>Na prze\u0142omie lutego i marca 2006 r. pojawi\u0142 si\u0119 w debacie publicznej problem wolno\u015bci medi\u00f3w. Mediom zarzucono polityczn\u0105 stronniczo\u015b\u0107, sprzyjanie opcji liberalnej i nieuzasadnion\u0105 krytyk\u0119 opcji reprezentowanej przez<!--more--> Prawo i Sprawiedliwo\u015b\u0107 oraz ograniczanie mo\u017cliwo\u015bci wypowiedzi dziennikarzy bardziej \u017cyczliwych dla rz\u0105du. Zapowiedziane zosta\u0142y zmiany prawne i instytucjonalne, kt\u00f3re media odebra\u0142y jako zapowied\u017a kontroli pa\u0144stwa nad mediami. W tej sytuacji TNS OBOP przeprowadzi\u0142 sonda\u017c, w kt\u00f3rym kilka pyta\u0144 dotyczy\u0142o opinii na temat wolno\u015bci medi\u00f3w w Polsce. Komunikat prezentuje wyniki tego sonda\u017cu.<\/p>\n<div class=\"infopay\">Raport udost\u0119pniany jest bezp\u0142atnie, w us\u0142udze &#8222;udost\u0119pnij aby pobra\u0107&#8221;.<br \/>\n          <b>Na czym to polega?<\/b> Raport b\u0119dzie dost\u0119pny do pobrania w pdf po udost\u0119pnieniu wpisu z linkiem do Archiwum Raport\u00f3w TNS Polska na wybranym serwisie spo\u0142eczno\u015bciowym: Facebooku lub Twitterze.\n          <\/div>\n","protected":false},"excerpt":{"rendered":"<p>Na prze\u0142omie lutego i marca 2006 r. pojawi\u0142 si\u0119 w debacie publicznej problem wolno\u015bci medi\u00f3w. Mediom zarzucono polityczn\u0105 stronniczo\u015b\u0107, sprzyjanie opcji liberalnej i nieuzasadnion\u0105 krytyk\u0119 opcji reprezentowanej przez<\/p>\n","protected":false},"author":1,"featured_media":0,"comment_status":"closed","ping_status":"closed","sticky":false,"template":"","format":"standard","meta":{"ngg_post_thumbnail":0},"categories":[1],"tags":[],"_links":{"self":[{"href":"https:\/\/public.kantarpolska.com\/archiwumraportow\/wp-json\/wp\/v2\/posts\/4491"}],"collection":[{"href":"https:\/\/public.kantarpolska.com\/archiwumraportow\/wp-json\/wp\/v2\/posts"}],"about":[{"href":"https:\/\/public.kantarpolska.com\/archiwumraportow\/wp-json\/wp\/v2\/types\/post"}],"author":[{"embeddable":true,"href":"https:\/\/public.kantarpolska.com\/archiwumraportow\/wp-json\/wp\/v2\/users\/1"}],"replies":[{"embeddable":true,"href":"https:\/\/public.kantarpolska.com\/archiwumraportow\/wp-json\/wp\/v2\/comments?post=4491"}],"version-history":[{"count":0,"href":"https:\/\/public.kantarpolska.com\/archiwumraportow\/wp-json\/wp\/v2\/posts\/4491\/revisions"}],"wp:attachment":[{"href":"https:\/\/public.kantarpolska.com\/archiwumraportow\/wp-json\/wp\/v2\/media?parent=4491"}],"wp:term":[{"taxonomy":"category","embeddable":true,"href":"https:\/\/public.kantarpolska.com\/archiwumraportow\/wp-json\/wp\/v2\/categories?post=4491"},{"taxonomy":"post_tag","embeddable":true,"href":"https:\/\/public.kantarpolska.com\/archiwumraportow\/wp-json\/wp\/v2\/tags?post=4491"}],"curies":[{"name":"wp","href":"https:\/\/api.w.org\/{rel}","templated":true}]}}