
{"id":4488,"date":"2006-02-06T00:00:00","date_gmt":"2006-02-06T00:00:00","guid":{"rendered":"https:\/\/www.tnsglobal.pl\/archiwumraportow\/2006\/02\/06\/test-dla-prezydenta\/"},"modified":"2006-02-06T00:00:00","modified_gmt":"2006-02-06T00:00:00","slug":"test-dla-prezydenta","status":"publish","type":"post","link":"https:\/\/public.kantarpolska.com\/archiwumraportow\/2006\/02\/06\/test-dla-prezydenta\/","title":{"rendered":"Test dla prezydenta."},"content":{"rendered":"<p>W sonda\u017cu TNS OBOP zrealizowanym w dn. 2-6.02.2006 r. zadano kilka pyta\u0144 dotycz\u0105cych odpowiedzialno\u015bci za &#8222;zamieszanie polityczne w kraju&#8221;; zapytano te\u017c o &#8222;ocen\u0119 post\u0119powania Prezydenta Lecha Kaczy\u0144skiego<!--more--> w zwi\u0105zku z obecnym zamieszaniem politycznym w Polsce&#8221;. W komunikacie przedstawione s\u0105 wyniki tego sonda\u017cu.<\/p>\n<div class=\"infopay\">Raport udost\u0119pniany jest bezp\u0142atnie, w us\u0142udze &#8222;udost\u0119pnij aby pobra\u0107&#8221;.<br \/>\n          <b>Na czym to polega?<\/b> Raport b\u0119dzie dost\u0119pny do pobrania w pdf po udost\u0119pnieniu wpisu z linkiem do Archiwum Raport\u00f3w TNS Polska na wybranym serwisie spo\u0142eczno\u015bciowym: Facebooku lub Twitterze.\n          <\/div>\n","protected":false},"excerpt":{"rendered":"<p>W sonda\u017cu TNS OBOP zrealizowanym w dn. 2-6.02.2006 r. zadano kilka pyta\u0144 dotycz\u0105cych odpowiedzialno\u015bci za &#8222;zamieszanie polityczne w kraju&#8221;; zapytano te\u017c o &#8222;ocen\u0119 post\u0119powania Prezydenta Lecha Kaczy\u0144skiego<\/p>\n","protected":false},"author":1,"featured_media":0,"comment_status":"closed","ping_status":"closed","sticky":false,"template":"","format":"standard","meta":{"ngg_post_thumbnail":0},"categories":[1],"tags":[],"_links":{"self":[{"href":"https:\/\/public.kantarpolska.com\/archiwumraportow\/wp-json\/wp\/v2\/posts\/4488"}],"collection":[{"href":"https:\/\/public.kantarpolska.com\/archiwumraportow\/wp-json\/wp\/v2\/posts"}],"about":[{"href":"https:\/\/public.kantarpolska.com\/archiwumraportow\/wp-json\/wp\/v2\/types\/post"}],"author":[{"embeddable":true,"href":"https:\/\/public.kantarpolska.com\/archiwumraportow\/wp-json\/wp\/v2\/users\/1"}],"replies":[{"embeddable":true,"href":"https:\/\/public.kantarpolska.com\/archiwumraportow\/wp-json\/wp\/v2\/comments?post=4488"}],"version-history":[{"count":0,"href":"https:\/\/public.kantarpolska.com\/archiwumraportow\/wp-json\/wp\/v2\/posts\/4488\/revisions"}],"wp:attachment":[{"href":"https:\/\/public.kantarpolska.com\/archiwumraportow\/wp-json\/wp\/v2\/media?parent=4488"}],"wp:term":[{"taxonomy":"category","embeddable":true,"href":"https:\/\/public.kantarpolska.com\/archiwumraportow\/wp-json\/wp\/v2\/categories?post=4488"},{"taxonomy":"post_tag","embeddable":true,"href":"https:\/\/public.kantarpolska.com\/archiwumraportow\/wp-json\/wp\/v2\/tags?post=4488"}],"curies":[{"name":"wp","href":"https:\/\/api.w.org\/{rel}","templated":true}]}}