
{"id":4486,"date":"2006-02-06T00:00:00","date_gmt":"2006-02-06T00:00:00","guid":{"rendered":"https:\/\/www.tnsglobal.pl\/archiwumraportow\/2006\/02\/06\/o-zamieszaniu-po-i-pis-ie\/"},"modified":"2006-02-06T00:00:00","modified_gmt":"2006-02-06T00:00:00","slug":"o-zamieszaniu-po-i-pis-ie","status":"publish","type":"post","link":"https:\/\/public.kantarpolska.com\/archiwumraportow\/2006\/02\/06\/o-zamieszaniu-po-i-pis-ie\/","title":{"rendered":"O zamieszaniu, PO i PiS-ie."},"content":{"rendered":"<p>W wyborach parlamentarnych \u017cadne z ugrupowa\u0144 nie zdoby\u0142o w Sejmie bezwzgl\u0119dnej wi\u0119kszo\u015bci, zwyci\u0119ska partia Prawo i Sprawiedliwo\u015b\u0107 i Platforma Obywatelska nie stworzy\u0142y koalicji, PiS stworzy\u0142a natomiast rz\u0105d mniejszo\u015bciowy, podtrzymywany<!--more--> przez porozumienia z Samoobron\u0105 i Lig\u0105 Polskich Rodzin. W grudniu napi\u0119cie polityczne si\u0119 nasili\u0142o i pojawi\u0142a si\u0119 mo\u017cliwo\u015b\u0107 rozwi\u0105zania Sejmu i og\u0142oszenia nowych wybor\u00f3w. W tej sytuacji 2.02.2006 PiS zawar\u0142 z Samoobron\u0105 i LPR pakt stabilizacyjny, potwierdzony dodatkowym protoko\u0142em z dnia 13.02.2006. Tego\u017c dnia Prezydent uzna\u0142, \u017ce to &#8222;gwarantuje rz\u0105dowi wi\u0119kszo\u015b\u0107&#8221;, og\u0142osi\u0142, \u017ce Sejmu nie rozwi\u0105\u017ce, i sytuacja si\u0119 uspokoi\u0142a. Komunikat prezentuje wyniki sonda\u017cu TNS OBOP zrealizowanego w dn. 2-6.02.2006, tu\u017c po zawarciu paktu stabilizacyjnego mi\u0119dzy PiS, Samoobron\u0105 i LPR, zadano kilka podstawowych pyta\u0144 dotycz\u0105cych odpowiedzialno\u015bci za &#8222;zamieszanie polityczne w kraju&#8221;.<\/p>\n<div class=\"infopay\">Raport udost\u0119pniany jest bezp\u0142atnie, w us\u0142udze &#8222;udost\u0119pnij aby pobra\u0107&#8221;.<br \/>\n          <b>Na czym to polega?<\/b> Raport b\u0119dzie dost\u0119pny do pobrania w pdf po udost\u0119pnieniu wpisu z linkiem do Archiwum Raport\u00f3w TNS Polska na wybranym serwisie spo\u0142eczno\u015bciowym: Facebooku lub Twitterze.\n          <\/div>\n","protected":false},"excerpt":{"rendered":"<p>W wyborach parlamentarnych \u017cadne z ugrupowa\u0144 nie zdoby\u0142o w Sejmie bezwzgl\u0119dnej wi\u0119kszo\u015bci, zwyci\u0119ska partia Prawo i Sprawiedliwo\u015b\u0107 i Platforma Obywatelska nie stworzy\u0142y koalicji, PiS stworzy\u0142a natomiast rz\u0105d mniejszo\u015bciowy, podtrzymywany<\/p>\n","protected":false},"author":1,"featured_media":0,"comment_status":"closed","ping_status":"closed","sticky":false,"template":"","format":"standard","meta":{"ngg_post_thumbnail":0},"categories":[1],"tags":[],"_links":{"self":[{"href":"https:\/\/public.kantarpolska.com\/archiwumraportow\/wp-json\/wp\/v2\/posts\/4486"}],"collection":[{"href":"https:\/\/public.kantarpolska.com\/archiwumraportow\/wp-json\/wp\/v2\/posts"}],"about":[{"href":"https:\/\/public.kantarpolska.com\/archiwumraportow\/wp-json\/wp\/v2\/types\/post"}],"author":[{"embeddable":true,"href":"https:\/\/public.kantarpolska.com\/archiwumraportow\/wp-json\/wp\/v2\/users\/1"}],"replies":[{"embeddable":true,"href":"https:\/\/public.kantarpolska.com\/archiwumraportow\/wp-json\/wp\/v2\/comments?post=4486"}],"version-history":[{"count":0,"href":"https:\/\/public.kantarpolska.com\/archiwumraportow\/wp-json\/wp\/v2\/posts\/4486\/revisions"}],"wp:attachment":[{"href":"https:\/\/public.kantarpolska.com\/archiwumraportow\/wp-json\/wp\/v2\/media?parent=4486"}],"wp:term":[{"taxonomy":"category","embeddable":true,"href":"https:\/\/public.kantarpolska.com\/archiwumraportow\/wp-json\/wp\/v2\/categories?post=4486"},{"taxonomy":"post_tag","embeddable":true,"href":"https:\/\/public.kantarpolska.com\/archiwumraportow\/wp-json\/wp\/v2\/tags?post=4486"}],"curies":[{"name":"wp","href":"https:\/\/api.w.org\/{rel}","templated":true}]}}