
{"id":4484,"date":"2006-02-06T00:00:00","date_gmt":"2006-02-06T00:00:00","guid":{"rendered":"https:\/\/www.tnsglobal.pl\/archiwumraportow\/2006\/02\/06\/przed-mozliwa-decyzja-w-sprawie-nowych-wyborow\/"},"modified":"2006-02-06T00:00:00","modified_gmt":"2006-02-06T00:00:00","slug":"przed-mozliwa-decyzja-w-sprawie-nowych-wyborow","status":"publish","type":"post","link":"https:\/\/public.kantarpolska.com\/archiwumraportow\/2006\/02\/06\/przed-mozliwa-decyzja-w-sprawie-nowych-wyborow\/","title":{"rendered":"Przed mo\u017cliw\u0105 decyzj\u0105 w sprawie nowych wybor\u00f3w."},"content":{"rendered":"<p>13.02.2006 r. Prezydent Lech Kaczy\u0144ski w specjalnym or\u0119dziu do &#8222;Obywatelek i Obywateli Rzeczypospolitej Polskiej&#8221; og\u0142osi\u0142, \u017ce &#8222;nie widzi przes\u0142anek do skorzystania z artyku\u0142u 225 Konstytucji i skr\u00f3cenia kadencji parlamentu&#8221;.<!--more--> Dramaturgia godzin poprzedzaj\u0105cych to wyst\u0105pienie mo\u017ce wskazywa\u0107, \u017ce Prezydent mia\u0142 zamiar og\u0142osi\u0107, \u017ce kadencj\u0119 Sejmu skr\u00f3ci i nowe wybory rozpisze. Zdaniem Prezydenta Konstytucja dawa\u0142a mu takie prawo, a powodem skorzystania z tego prawa m\u00f3g\u0142by by\u0107 brak stabilnej wi\u0119kszo\u015bci rz\u0105dowej w Sejmie. Prezydent uzna\u0142 jednak, \u017ce podpisanie &#8222;paktu stabilizacyjnego&#8221; mi\u0119dzy PiS oraz Samoobron\u0105 i LPR (oraz zapewne dodatkowego protoko\u0142u w dniu 13.02) &#8222;gwarantuje rz\u0105dowi wi\u0119kszo\u015b\u0107&#8221;. W sonda\u017cu TNS OBOP zrealizowanym w dn. 2-6.02 zadano kilka pyta\u0144 dotycz\u0105cych mo\u017cliwej decyzji Prezydenta o nowych wyborach.<\/p>\n<div class=\"infopay\">Raport udost\u0119pniany jest bezp\u0142atnie, w us\u0142udze &#8222;udost\u0119pnij aby pobra\u0107&#8221;.<br \/>\n          <b>Na czym to polega?<\/b> Raport b\u0119dzie dost\u0119pny do pobrania w pdf po udost\u0119pnieniu wpisu z linkiem do Archiwum Raport\u00f3w TNS Polska na wybranym serwisie spo\u0142eczno\u015bciowym: Facebooku lub Twitterze.\n          <\/div>\n","protected":false},"excerpt":{"rendered":"<p>13.02.2006 r. Prezydent Lech Kaczy\u0144ski w specjalnym or\u0119dziu do &#8222;Obywatelek i Obywateli Rzeczypospolitej Polskiej&#8221; og\u0142osi\u0142, \u017ce &#8222;nie widzi przes\u0142anek do skorzystania z artyku\u0142u 225 Konstytucji i skr\u00f3cenia kadencji parlamentu&#8221;.<\/p>\n","protected":false},"author":1,"featured_media":0,"comment_status":"closed","ping_status":"closed","sticky":false,"template":"","format":"standard","meta":{"ngg_post_thumbnail":0},"categories":[1],"tags":[],"_links":{"self":[{"href":"https:\/\/public.kantarpolska.com\/archiwumraportow\/wp-json\/wp\/v2\/posts\/4484"}],"collection":[{"href":"https:\/\/public.kantarpolska.com\/archiwumraportow\/wp-json\/wp\/v2\/posts"}],"about":[{"href":"https:\/\/public.kantarpolska.com\/archiwumraportow\/wp-json\/wp\/v2\/types\/post"}],"author":[{"embeddable":true,"href":"https:\/\/public.kantarpolska.com\/archiwumraportow\/wp-json\/wp\/v2\/users\/1"}],"replies":[{"embeddable":true,"href":"https:\/\/public.kantarpolska.com\/archiwumraportow\/wp-json\/wp\/v2\/comments?post=4484"}],"version-history":[{"count":0,"href":"https:\/\/public.kantarpolska.com\/archiwumraportow\/wp-json\/wp\/v2\/posts\/4484\/revisions"}],"wp:attachment":[{"href":"https:\/\/public.kantarpolska.com\/archiwumraportow\/wp-json\/wp\/v2\/media?parent=4484"}],"wp:term":[{"taxonomy":"category","embeddable":true,"href":"https:\/\/public.kantarpolska.com\/archiwumraportow\/wp-json\/wp\/v2\/categories?post=4484"},{"taxonomy":"post_tag","embeddable":true,"href":"https:\/\/public.kantarpolska.com\/archiwumraportow\/wp-json\/wp\/v2\/tags?post=4484"}],"curies":[{"name":"wp","href":"https:\/\/api.w.org\/{rel}","templated":true}]}}