
{"id":4483,"date":"2006-02-06T00:00:00","date_gmt":"2006-02-06T00:00:00","guid":{"rendered":"https:\/\/www.tnsglobal.pl\/archiwumraportow\/2006\/02\/06\/preferencje-partyjne-polakow-w-lutym-2006-r\/"},"modified":"2006-02-06T00:00:00","modified_gmt":"2006-02-06T00:00:00","slug":"preferencje-partyjne-polakow-w-lutym-2006-r","status":"publish","type":"post","link":"https:\/\/public.kantarpolska.com\/archiwumraportow\/2006\/02\/06\/preferencje-partyjne-polakow-w-lutym-2006-r\/","title":{"rendered":"Preferencje partyjne Polak\u00f3w w lutym 2006 r."},"content":{"rendered":"<p>W pierwszy weekend lutego TNS OBOP przeprowadzi\u0142 badanie, preferencji partyjnych. W sonda\u017cu zapytano Polak\u00f3w o gotowo\u015b\u0107 uczestniczenia w wyborach &#8211; gdyby mia\u0142y si\u0119 one odbywa\u0107 w pierwszej<!--more--> po\u0142owie tego miesi\u0105ca, a nast\u0119pnie &#8211; osoby, kt\u00f3re wyrazi\u0142y gotowo\u015b\u0107 g\u0142osowania &#8211; kt\u00f3remu z ugrupowa\u0144 przekazaliby poparcie. Prezentowane w komunikacie wyniki preferencji uwzgl\u0119dniaj\u0105 w podstawie procentowania osoby niezdecydowane kogo poprze\u0107.<\/p>\n<div class=\"infopay\">Raport udost\u0119pniany jest bezp\u0142atnie, w us\u0142udze &#8222;udost\u0119pnij aby pobra\u0107&#8221;.<br \/>\n          <b>Na czym to polega?<\/b> Raport b\u0119dzie dost\u0119pny do pobrania w pdf po udost\u0119pnieniu wpisu z linkiem do Archiwum Raport\u00f3w TNS Polska na wybranym serwisie spo\u0142eczno\u015bciowym: Facebooku lub Twitterze.\n          <\/div>\n","protected":false},"excerpt":{"rendered":"<p>W pierwszy weekend lutego TNS OBOP przeprowadzi\u0142 badanie, preferencji partyjnych. W sonda\u017cu zapytano Polak\u00f3w o gotowo\u015b\u0107 uczestniczenia w wyborach &#8211; gdyby mia\u0142y si\u0119 one odbywa\u0107 w pierwszej<\/p>\n","protected":false},"author":1,"featured_media":0,"comment_status":"closed","ping_status":"closed","sticky":false,"template":"","format":"standard","meta":{"ngg_post_thumbnail":0},"categories":[1],"tags":[],"_links":{"self":[{"href":"https:\/\/public.kantarpolska.com\/archiwumraportow\/wp-json\/wp\/v2\/posts\/4483"}],"collection":[{"href":"https:\/\/public.kantarpolska.com\/archiwumraportow\/wp-json\/wp\/v2\/posts"}],"about":[{"href":"https:\/\/public.kantarpolska.com\/archiwumraportow\/wp-json\/wp\/v2\/types\/post"}],"author":[{"embeddable":true,"href":"https:\/\/public.kantarpolska.com\/archiwumraportow\/wp-json\/wp\/v2\/users\/1"}],"replies":[{"embeddable":true,"href":"https:\/\/public.kantarpolska.com\/archiwumraportow\/wp-json\/wp\/v2\/comments?post=4483"}],"version-history":[{"count":0,"href":"https:\/\/public.kantarpolska.com\/archiwumraportow\/wp-json\/wp\/v2\/posts\/4483\/revisions"}],"wp:attachment":[{"href":"https:\/\/public.kantarpolska.com\/archiwumraportow\/wp-json\/wp\/v2\/media?parent=4483"}],"wp:term":[{"taxonomy":"category","embeddable":true,"href":"https:\/\/public.kantarpolska.com\/archiwumraportow\/wp-json\/wp\/v2\/categories?post=4483"},{"taxonomy":"post_tag","embeddable":true,"href":"https:\/\/public.kantarpolska.com\/archiwumraportow\/wp-json\/wp\/v2\/tags?post=4483"}],"curies":[{"name":"wp","href":"https:\/\/api.w.org\/{rel}","templated":true}]}}