
{"id":4480,"date":"2006-01-09T00:00:00","date_gmt":"2006-01-09T00:00:00","guid":{"rendered":"https:\/\/www.tnsglobal.pl\/archiwumraportow\/2006\/01\/09\/stabilizacja-negatywnej-opinii-o-polskim-udziale-w-wojnie-w-iraku\/"},"modified":"2006-01-09T00:00:00","modified_gmt":"2006-01-09T00:00:00","slug":"stabilizacja-negatywnej-opinii-o-polskim-udziale-w-wojnie-w-iraku","status":"publish","type":"post","link":"https:\/\/public.kantarpolska.com\/archiwumraportow\/2006\/01\/09\/stabilizacja-negatywnej-opinii-o-polskim-udziale-w-wojnie-w-iraku\/","title":{"rendered":"Stabilizacja negatywnej opinii o polskim udziale w wojnie w Iraku."},"content":{"rendered":"<p>Militarne zaanga\u017cowanie Polski w Iraku, najpierw w kr\u00f3tkotrwa\u0142ych regularnych dzia\u0142aniach wojennych, a nast\u0119pnie w przed\u0142u\u017caj\u0105cych si\u0119 &#8222;dzia\u0142aniach stabilizacyjnych&#8221; czyli w zbrojnym utrzymaniu porz\u0105dku w Iraku<!--more--> trwa od 2003 r. i zawsze by\u0142o przedmiotem kontrowersji, zar\u00f3wno w publicystyce politycznej, jak i w opinii publicznej. Sprawa ta od\u017cy\u0142a w grudniu 2005 r., gdy  nowy polski rz\u0105d i nowy Prezydent RP postanowili, \u017ce polskie wojsko pozostanie w Iraku przez nast\u0119pny rok. Sonda\u017c TNS OBOP, przeprowadzony na pocz\u0105tku stycznia 2006 roku pokazuje, co w tej sprawie s\u0105dzi masowa opinia publiczna. Jego wyniki por\u00f3wnane s\u0105 z wynikami poprzednich sonda\u017cy OBOP na ten temat (kwiecie\u0144 2003, wrzesie\u0144 2004).<\/p>\n<div class=\"infopay\">Raport udost\u0119pniany jest bezp\u0142atnie, w us\u0142udze &#8222;udost\u0119pnij aby pobra\u0107&#8221;.<br \/>\n          <b>Na czym to polega?<\/b> Raport b\u0119dzie dost\u0119pny do pobrania w pdf po udost\u0119pnieniu wpisu z linkiem do Archiwum Raport\u00f3w TNS Polska na wybranym serwisie spo\u0142eczno\u015bciowym: Facebooku lub Twitterze.\n          <\/div>\n","protected":false},"excerpt":{"rendered":"<p>Militarne zaanga\u017cowanie Polski w Iraku, najpierw w kr\u00f3tkotrwa\u0142ych regularnych dzia\u0142aniach wojennych, a nast\u0119pnie w przed\u0142u\u017caj\u0105cych si\u0119 &#8222;dzia\u0142aniach stabilizacyjnych&#8221; czyli w zbrojnym utrzymaniu porz\u0105dku w Iraku<\/p>\n","protected":false},"author":1,"featured_media":0,"comment_status":"closed","ping_status":"closed","sticky":false,"template":"","format":"standard","meta":{"ngg_post_thumbnail":0},"categories":[1],"tags":[],"_links":{"self":[{"href":"https:\/\/public.kantarpolska.com\/archiwumraportow\/wp-json\/wp\/v2\/posts\/4480"}],"collection":[{"href":"https:\/\/public.kantarpolska.com\/archiwumraportow\/wp-json\/wp\/v2\/posts"}],"about":[{"href":"https:\/\/public.kantarpolska.com\/archiwumraportow\/wp-json\/wp\/v2\/types\/post"}],"author":[{"embeddable":true,"href":"https:\/\/public.kantarpolska.com\/archiwumraportow\/wp-json\/wp\/v2\/users\/1"}],"replies":[{"embeddable":true,"href":"https:\/\/public.kantarpolska.com\/archiwumraportow\/wp-json\/wp\/v2\/comments?post=4480"}],"version-history":[{"count":0,"href":"https:\/\/public.kantarpolska.com\/archiwumraportow\/wp-json\/wp\/v2\/posts\/4480\/revisions"}],"wp:attachment":[{"href":"https:\/\/public.kantarpolska.com\/archiwumraportow\/wp-json\/wp\/v2\/media?parent=4480"}],"wp:term":[{"taxonomy":"category","embeddable":true,"href":"https:\/\/public.kantarpolska.com\/archiwumraportow\/wp-json\/wp\/v2\/categories?post=4480"},{"taxonomy":"post_tag","embeddable":true,"href":"https:\/\/public.kantarpolska.com\/archiwumraportow\/wp-json\/wp\/v2\/tags?post=4480"}],"curies":[{"name":"wp","href":"https:\/\/api.w.org\/{rel}","templated":true}]}}