
{"id":4476,"date":"2006-01-09T00:00:00","date_gmt":"2006-01-09T00:00:00","guid":{"rendered":"https:\/\/www.tnsglobal.pl\/archiwumraportow\/2006\/01\/09\/oredzie-prezydenta-kaczynskiego\/"},"modified":"2006-01-09T00:00:00","modified_gmt":"2006-01-09T00:00:00","slug":"oredzie-prezydenta-kaczynskiego","status":"publish","type":"post","link":"https:\/\/public.kantarpolska.com\/archiwumraportow\/2006\/01\/09\/oredzie-prezydenta-kaczynskiego\/","title":{"rendered":"Or\u0119dzie prezydenta Kaczy\u0144skiego."},"content":{"rendered":"<p>23 grudnia 2005 r. zosta\u0142 zaprzysi\u0119\u017cony i wyg\u0142osi\u0142 or\u0119dzie inauguracyjne nowo wybrany prezydent Rzeczypospolitej Polskiej Lech Kaczy\u0144ski. Pierwsze przem\u00f3wienie nowego prezydenta jest zawsze wa\u017cnym wydarzeniem, gdy\u017c okre\u015bla<!--more--> kierunek, w kt\u00f3rym zamierza dzia\u0142a\u0107 prezydent jako g\u0142owa pa\u0144stwa. To przem\u00f3wienie by\u0142o szczeg\u00f3lnie wa\u017cne, gdy\u017c ten prezydent rozpocz\u0105\u0142 i prowadzi\u0142 kampani\u0119 wyborcz\u0105 pod has\u0142em krytyki III Rzeczpospolitej i radykalnych zmian w Polsce. W przeprowadzonym w dniach 5-9 stycznia 2006 r. og\u00f3lnopolskim sonda\u017cu TNS OBOP zbada\u0142 odbi\u00f3r or\u0119dzia nowego prezydenta. Z komunikatu mo\u017cna dowiedzie\u0107 si\u0119, do jak wielu Polak\u00f3w or\u0119dzie to dotar\u0142o, a tak\u017ce, ilu z nich podziela jego zasadnicze tezy i jest przekonanych, \u017ce Lechowi Kaczy\u0144skiemu uda si\u0119 osi\u0105gn\u0105\u0107 jego strategiczne cele.<\/p>\n<div class=\"infopay\">Raport udost\u0119pniany jest bezp\u0142atnie, w us\u0142udze &#8222;udost\u0119pnij aby pobra\u0107&#8221;.<br \/>\n          <b>Na czym to polega?<\/b> Raport b\u0119dzie dost\u0119pny do pobrania w pdf po udost\u0119pnieniu wpisu z linkiem do Archiwum Raport\u00f3w TNS Polska na wybranym serwisie spo\u0142eczno\u015bciowym: Facebooku lub Twitterze.\n          <\/div>\n","protected":false},"excerpt":{"rendered":"<p>23 grudnia 2005 r. zosta\u0142 zaprzysi\u0119\u017cony i wyg\u0142osi\u0142 or\u0119dzie inauguracyjne nowo wybrany prezydent Rzeczypospolitej Polskiej Lech Kaczy\u0144ski. Pierwsze przem\u00f3wienie nowego prezydenta jest zawsze wa\u017cnym wydarzeniem, gdy\u017c okre\u015bla<\/p>\n","protected":false},"author":1,"featured_media":0,"comment_status":"closed","ping_status":"closed","sticky":false,"template":"","format":"standard","meta":{"ngg_post_thumbnail":0},"categories":[1],"tags":[],"_links":{"self":[{"href":"https:\/\/public.kantarpolska.com\/archiwumraportow\/wp-json\/wp\/v2\/posts\/4476"}],"collection":[{"href":"https:\/\/public.kantarpolska.com\/archiwumraportow\/wp-json\/wp\/v2\/posts"}],"about":[{"href":"https:\/\/public.kantarpolska.com\/archiwumraportow\/wp-json\/wp\/v2\/types\/post"}],"author":[{"embeddable":true,"href":"https:\/\/public.kantarpolska.com\/archiwumraportow\/wp-json\/wp\/v2\/users\/1"}],"replies":[{"embeddable":true,"href":"https:\/\/public.kantarpolska.com\/archiwumraportow\/wp-json\/wp\/v2\/comments?post=4476"}],"version-history":[{"count":0,"href":"https:\/\/public.kantarpolska.com\/archiwumraportow\/wp-json\/wp\/v2\/posts\/4476\/revisions"}],"wp:attachment":[{"href":"https:\/\/public.kantarpolska.com\/archiwumraportow\/wp-json\/wp\/v2\/media?parent=4476"}],"wp:term":[{"taxonomy":"category","embeddable":true,"href":"https:\/\/public.kantarpolska.com\/archiwumraportow\/wp-json\/wp\/v2\/categories?post=4476"},{"taxonomy":"post_tag","embeddable":true,"href":"https:\/\/public.kantarpolska.com\/archiwumraportow\/wp-json\/wp\/v2\/tags?post=4476"}],"curies":[{"name":"wp","href":"https:\/\/api.w.org\/{rel}","templated":true}]}}