
{"id":4468,"date":"2005-12-05T00:00:00","date_gmt":"2005-12-05T00:00:00","guid":{"rendered":"https:\/\/www.tnsglobal.pl\/archiwumraportow\/2005\/12\/05\/prawo-do-zgromadzen-i-prawo-do-ich-zakazu\/"},"modified":"2005-12-05T00:00:00","modified_gmt":"2005-12-05T00:00:00","slug":"prawo-do-zgromadzen-i-prawo-do-ich-zakazu","status":"publish","type":"post","link":"https:\/\/public.kantarpolska.com\/archiwumraportow\/2005\/12\/05\/prawo-do-zgromadzen-i-prawo-do-ich-zakazu\/","title":{"rendered":"Prawo do zgromadze\u0144 i prawo do ich zakazu."},"content":{"rendered":"<p>Marsz R\u00f3wno\u015bci w Poznaniu (20.11.2005), wydany przez w\u0142adze samorz\u0105dowe zakaz jego odbycia si\u0119 i u\u017cycie policji w celu wyegzekwowania tego zakazu wywo\u0142a\u0142y w kraju dyskusj\u0119 nad problemem granic demonstrowania<!--more--> w demokratycznej Polsce. Zar\u00f3wno uczestnicy dyskusji generalnej, jak i zwolennicy i przeciwnicy zakazu marszu w Poznaniu, w swoich wypowiedziach powo\u0142ywali si\u0119 nie tylko na prawo, ale i na opini\u0119 publiczn\u0105: na jej wra\u017cliwo\u015b\u0107 i na jej pogl\u0105dy. W dniach 1-5 grudnia 2005 r., w dwa tygodnie po zakazanej przez w\u0142adze i uniemo\u017cliwionej przez policj\u0119 manifestacji w Poznaniu, TNS OBOP zbada\u0142, co masowa opinia publiczna my\u015bli o tych sprawach. Raport prezentuje wyniki tego badania.<\/p>\n<div class=\"infopay\">Raport udost\u0119pniany jest bezp\u0142atnie, w us\u0142udze &#8222;udost\u0119pnij aby pobra\u0107&#8221;.<br \/>\n          <b>Na czym to polega?<\/b> Raport b\u0119dzie dost\u0119pny do pobrania w pdf po udost\u0119pnieniu wpisu z linkiem do Archiwum Raport\u00f3w TNS Polska na wybranym serwisie spo\u0142eczno\u015bciowym: Facebooku lub Twitterze.\n          <\/div>\n","protected":false},"excerpt":{"rendered":"<p>Marsz R\u00f3wno\u015bci w Poznaniu (20.11.2005), wydany przez w\u0142adze samorz\u0105dowe zakaz jego odbycia si\u0119 i u\u017cycie policji w celu wyegzekwowania tego zakazu wywo\u0142a\u0142y w kraju dyskusj\u0119 nad problemem granic demonstrowania<\/p>\n","protected":false},"author":1,"featured_media":0,"comment_status":"closed","ping_status":"closed","sticky":false,"template":"","format":"standard","meta":{"ngg_post_thumbnail":0},"categories":[1],"tags":[],"_links":{"self":[{"href":"https:\/\/public.kantarpolska.com\/archiwumraportow\/wp-json\/wp\/v2\/posts\/4468"}],"collection":[{"href":"https:\/\/public.kantarpolska.com\/archiwumraportow\/wp-json\/wp\/v2\/posts"}],"about":[{"href":"https:\/\/public.kantarpolska.com\/archiwumraportow\/wp-json\/wp\/v2\/types\/post"}],"author":[{"embeddable":true,"href":"https:\/\/public.kantarpolska.com\/archiwumraportow\/wp-json\/wp\/v2\/users\/1"}],"replies":[{"embeddable":true,"href":"https:\/\/public.kantarpolska.com\/archiwumraportow\/wp-json\/wp\/v2\/comments?post=4468"}],"version-history":[{"count":0,"href":"https:\/\/public.kantarpolska.com\/archiwumraportow\/wp-json\/wp\/v2\/posts\/4468\/revisions"}],"wp:attachment":[{"href":"https:\/\/public.kantarpolska.com\/archiwumraportow\/wp-json\/wp\/v2\/media?parent=4468"}],"wp:term":[{"taxonomy":"category","embeddable":true,"href":"https:\/\/public.kantarpolska.com\/archiwumraportow\/wp-json\/wp\/v2\/categories?post=4468"},{"taxonomy":"post_tag","embeddable":true,"href":"https:\/\/public.kantarpolska.com\/archiwumraportow\/wp-json\/wp\/v2\/tags?post=4468"}],"curies":[{"name":"wp","href":"https:\/\/api.w.org\/{rel}","templated":true}]}}