
{"id":4462,"date":"2005-10-03T00:00:00","date_gmt":"2005-10-03T00:00:00","guid":{"rendered":"https:\/\/www.tnsglobal.pl\/archiwumraportow\/2005\/10\/03\/opinie-o-czlonkostwie-polski-w-unii-europejskiej-na-przelomie-wrzesnia-i-pazdziernika-2005-r\/"},"modified":"2005-10-03T00:00:00","modified_gmt":"2005-10-03T00:00:00","slug":"opinie-o-czlonkostwie-polski-w-unii-europejskiej-na-przelomie-wrzesnia-i-pazdziernika-2005-r","status":"publish","type":"post","link":"https:\/\/public.kantarpolska.com\/archiwumraportow\/2005\/10\/03\/opinie-o-czlonkostwie-polski-w-unii-europejskiej-na-przelomie-wrzesnia-i-pazdziernika-2005-r\/","title":{"rendered":"Opinie o cz\u0142onkostwie Polski w Unii Europejskiej na prze\u0142omie wrze\u015bnia i pa\u017adziernika 2005 r."},"content":{"rendered":"<p>Komunikat prezentuje wyniki comiesi\u0119cznego sonda\u017cu opinii na temat cz\u0142onkostwa Polski w Unii Europejskiej zrealizowanego przez TNS OBOP na prze\u0142omie wrze\u015bnia i pa\u017adziernika, czyli po wyborach parlamentarnych i przed<!--more--> pierwsz\u0105 tur\u0105 wybor\u00f3w prezydenckich. Polacy zostali poproszeni o og\u00f3ln\u0105 ocen\u0119 cz\u0142onkostwa naszego kraju w strukturach unijnych, a tak\u017ce o opinie na temat wp\u0142ywu wej\u015bcia Polski do UE na swoje \u017cycie, sytuacj\u0119 kraju oraz pozycj\u0119 Polski w \u015bwiecie. W trwaj\u0105cej kampanii kwestie europejskie nie by\u0142y g\u0142\u00f3wnym przedmiotem dyskusji czy spor\u00f3w politycznych.<\/p>\n<div class=\"infopay\">Raport udost\u0119pniany jest bezp\u0142atnie, w us\u0142udze &#8222;udost\u0119pnij aby pobra\u0107&#8221;.<br \/>\n          <b>Na czym to polega?<\/b> Raport b\u0119dzie dost\u0119pny do pobrania w pdf po udost\u0119pnieniu wpisu z linkiem do Archiwum Raport\u00f3w TNS Polska na wybranym serwisie spo\u0142eczno\u015bciowym: Facebooku lub Twitterze.\n          <\/div>\n","protected":false},"excerpt":{"rendered":"<p>Komunikat prezentuje wyniki comiesi\u0119cznego sonda\u017cu opinii na temat cz\u0142onkostwa Polski w Unii Europejskiej zrealizowanego przez TNS OBOP na prze\u0142omie wrze\u015bnia i pa\u017adziernika, czyli po wyborach parlamentarnych i przed<\/p>\n","protected":false},"author":1,"featured_media":0,"comment_status":"closed","ping_status":"closed","sticky":false,"template":"","format":"standard","meta":{"ngg_post_thumbnail":0},"categories":[1],"tags":[],"_links":{"self":[{"href":"https:\/\/public.kantarpolska.com\/archiwumraportow\/wp-json\/wp\/v2\/posts\/4462"}],"collection":[{"href":"https:\/\/public.kantarpolska.com\/archiwumraportow\/wp-json\/wp\/v2\/posts"}],"about":[{"href":"https:\/\/public.kantarpolska.com\/archiwumraportow\/wp-json\/wp\/v2\/types\/post"}],"author":[{"embeddable":true,"href":"https:\/\/public.kantarpolska.com\/archiwumraportow\/wp-json\/wp\/v2\/users\/1"}],"replies":[{"embeddable":true,"href":"https:\/\/public.kantarpolska.com\/archiwumraportow\/wp-json\/wp\/v2\/comments?post=4462"}],"version-history":[{"count":0,"href":"https:\/\/public.kantarpolska.com\/archiwumraportow\/wp-json\/wp\/v2\/posts\/4462\/revisions"}],"wp:attachment":[{"href":"https:\/\/public.kantarpolska.com\/archiwumraportow\/wp-json\/wp\/v2\/media?parent=4462"}],"wp:term":[{"taxonomy":"category","embeddable":true,"href":"https:\/\/public.kantarpolska.com\/archiwumraportow\/wp-json\/wp\/v2\/categories?post=4462"},{"taxonomy":"post_tag","embeddable":true,"href":"https:\/\/public.kantarpolska.com\/archiwumraportow\/wp-json\/wp\/v2\/tags?post=4462"}],"curies":[{"name":"wp","href":"https:\/\/api.w.org\/{rel}","templated":true}]}}