
{"id":446,"date":"2001-08-06T00:00:00","date_gmt":"2001-08-06T00:00:00","guid":{"rendered":"https:\/\/www.tnsglobal.pl\/archiwumraportow\/2001\/08\/06\/opinie-polakow-na-temat-karania-przestepcow\/"},"modified":"2001-08-06T00:00:00","modified_gmt":"2001-08-06T00:00:00","slug":"opinie-polakow-na-temat-karania-przestepcow","status":"publish","type":"post","link":"https:\/\/public.kantarpolska.com\/archiwumraportow\/2001\/08\/06\/opinie-polakow-na-temat-karania-przestepcow\/","title":{"rendered":"Opinie Polak\u00f3w na temat karania przest\u0119pc\u00f3w"},"content":{"rendered":"<p>Na pocz\u0105tku sierpnia zapytali\u015bmy Polak\u00f3w o to, jaki &#8211; ich zdaniem &#8211; jest najwa\u017cniejszy cel kary wymierzanej przest\u0119pcom oraz czy w Polsce nale\u017cy przywr\u00f3ci\u0107 kar\u0119 \u015bmierci.<!--more--> Po raz ostatni o opinie na te tematy pytali\u015bmy w po\u0142owie 1995 roku (wcze\u015bniej &#8211; w czerwcu 1993). W\u00f3wczas jednak  &#8211; adekwatnie do sytuacji &#8211; zadali\u015bmy pytanie o to, czy kar\u0119 \u015bmierci nale\u017cy znie\u015b\u0107. Mo\u017cemy wi\u0119c si\u0119 przekona\u0107 czy i na ile, w ci\u0105gu ostatnich o\u015bmiu lat, zmieni\u0142y si\u0119 pogl\u0105dy polskiego spo\u0142ecze\u0144stwa na te kwestie.<\/p>\n<div class=\"infopay\">Raport udost\u0119pniany jest bezp\u0142atnie, w us\u0142udze &#8222;udost\u0119pnij aby pobra\u0107&#8221;.<br \/>\n          <b>Na czym to polega?<\/b> Raport b\u0119dzie dost\u0119pny do pobrania w pdf po udost\u0119pnieniu wpisu z linkiem do Archiwum Raport\u00f3w TNS Polska na wybranym serwisie spo\u0142eczno\u015bciowym: Facebooku lub Twitterze.\n          <\/div>\n","protected":false},"excerpt":{"rendered":"<p>Na pocz\u0105tku sierpnia zapytali\u015bmy Polak\u00f3w o to, jaki &#8211; ich zdaniem &#8211; jest najwa\u017cniejszy cel kary wymierzanej przest\u0119pcom oraz czy w Polsce nale\u017cy przywr\u00f3ci\u0107 kar\u0119 \u015bmierci.<\/p>\n","protected":false},"author":1,"featured_media":0,"comment_status":"closed","ping_status":"closed","sticky":false,"template":"","format":"standard","meta":{"ngg_post_thumbnail":0},"categories":[1],"tags":[],"_links":{"self":[{"href":"https:\/\/public.kantarpolska.com\/archiwumraportow\/wp-json\/wp\/v2\/posts\/446"}],"collection":[{"href":"https:\/\/public.kantarpolska.com\/archiwumraportow\/wp-json\/wp\/v2\/posts"}],"about":[{"href":"https:\/\/public.kantarpolska.com\/archiwumraportow\/wp-json\/wp\/v2\/types\/post"}],"author":[{"embeddable":true,"href":"https:\/\/public.kantarpolska.com\/archiwumraportow\/wp-json\/wp\/v2\/users\/1"}],"replies":[{"embeddable":true,"href":"https:\/\/public.kantarpolska.com\/archiwumraportow\/wp-json\/wp\/v2\/comments?post=446"}],"version-history":[{"count":1,"href":"https:\/\/public.kantarpolska.com\/archiwumraportow\/wp-json\/wp\/v2\/posts\/446\/revisions"}],"predecessor-version":[{"id":5711,"href":"https:\/\/public.kantarpolska.com\/archiwumraportow\/wp-json\/wp\/v2\/posts\/446\/revisions\/5711"}],"wp:attachment":[{"href":"https:\/\/public.kantarpolska.com\/archiwumraportow\/wp-json\/wp\/v2\/media?parent=446"}],"wp:term":[{"taxonomy":"category","embeddable":true,"href":"https:\/\/public.kantarpolska.com\/archiwumraportow\/wp-json\/wp\/v2\/categories?post=446"},{"taxonomy":"post_tag","embeddable":true,"href":"https:\/\/public.kantarpolska.com\/archiwumraportow\/wp-json\/wp\/v2\/tags?post=446"}],"curies":[{"name":"wp","href":"https:\/\/api.w.org\/{rel}","templated":true}]}}