
{"id":4458,"date":"2005-09-12T00:00:00","date_gmt":"2005-09-12T00:00:00","guid":{"rendered":"https:\/\/www.tnsglobal.pl\/archiwumraportow\/2005\/09\/12\/polacy-o-solidarnosci-po-obchodach-jej-25-lecia\/"},"modified":"2005-09-12T00:00:00","modified_gmt":"2005-09-12T00:00:00","slug":"polacy-o-solidarnosci-po-obchodach-jej-25-lecia","status":"publish","type":"post","link":"https:\/\/public.kantarpolska.com\/archiwumraportow\/2005\/09\/12\/polacy-o-solidarnosci-po-obchodach-jej-25-lecia\/","title":{"rendered":"Polacy o Solidarno\u015bci po obchodach jej 25-lecia."},"content":{"rendered":"<p>Solidarno\u015b\u0107 by\u0142a totalnym ruchem spo\u0142ecznym. Jako zwi\u0105zek zawodowy podj\u0119\u0142a walk\u0119 o prawa socjalne ludzi pracy, jako ruch obywatelski &#8211; walk\u0119 o demokracj\u0119, a jako zryw narodowy &#8211;<!--more--> walk\u0119 o niepodleg\u0142o\u015b\u0107. W sonda\u017cu przeprowadzonym przez TNS OBOP w pierwszych dniach sierpnia 2005 r., a wi\u0119c przed wielkimi obchodami 25-lecia &#8222;Solidarno\u015bci&#8221; zbadano, czy w opinii Polak\u00f3w &#8222;Solidarno\u015b\u0107&#8221; osi\u0105gn\u0119\u0142a te cele. W sonda\u017cu przeprowadzonym przez OBOP w dniach 8-12 wrze\u015bnia 2005 r., a wi\u0119c wkr\u00f3tce po zako\u0144czeniu obchod\u00f3w, powt\u00f3rzono te pytania w celu zbadania wp\u0142ywu obchod\u00f3w na wizerunek Solidarno\u015bci. Zadano tak\u017ce kilka nowych pyta\u0144 dotycz\u0105cych tych spraw. W komunikacie zaprezentowane jest por\u00f3wnanie wynik\u00f3w obu sonda\u017cy.<\/p>\n<div class=\"infopay\">Raport udost\u0119pniany jest bezp\u0142atnie, w us\u0142udze &#8222;udost\u0119pnij aby pobra\u0107&#8221;.<br \/>\n          <b>Na czym to polega?<\/b> Raport b\u0119dzie dost\u0119pny do pobrania w pdf po udost\u0119pnieniu wpisu z linkiem do Archiwum Raport\u00f3w TNS Polska na wybranym serwisie spo\u0142eczno\u015bciowym: Facebooku lub Twitterze.\n          <\/div>\n","protected":false},"excerpt":{"rendered":"<p>Solidarno\u015b\u0107 by\u0142a totalnym ruchem spo\u0142ecznym. Jako zwi\u0105zek zawodowy podj\u0119\u0142a walk\u0119 o prawa socjalne ludzi pracy, jako ruch obywatelski &#8211; walk\u0119 o demokracj\u0119, a jako zryw narodowy &#8211;<\/p>\n","protected":false},"author":1,"featured_media":0,"comment_status":"closed","ping_status":"closed","sticky":false,"template":"","format":"standard","meta":{"ngg_post_thumbnail":0},"categories":[1],"tags":[],"_links":{"self":[{"href":"https:\/\/public.kantarpolska.com\/archiwumraportow\/wp-json\/wp\/v2\/posts\/4458"}],"collection":[{"href":"https:\/\/public.kantarpolska.com\/archiwumraportow\/wp-json\/wp\/v2\/posts"}],"about":[{"href":"https:\/\/public.kantarpolska.com\/archiwumraportow\/wp-json\/wp\/v2\/types\/post"}],"author":[{"embeddable":true,"href":"https:\/\/public.kantarpolska.com\/archiwumraportow\/wp-json\/wp\/v2\/users\/1"}],"replies":[{"embeddable":true,"href":"https:\/\/public.kantarpolska.com\/archiwumraportow\/wp-json\/wp\/v2\/comments?post=4458"}],"version-history":[{"count":0,"href":"https:\/\/public.kantarpolska.com\/archiwumraportow\/wp-json\/wp\/v2\/posts\/4458\/revisions"}],"wp:attachment":[{"href":"https:\/\/public.kantarpolska.com\/archiwumraportow\/wp-json\/wp\/v2\/media?parent=4458"}],"wp:term":[{"taxonomy":"category","embeddable":true,"href":"https:\/\/public.kantarpolska.com\/archiwumraportow\/wp-json\/wp\/v2\/categories?post=4458"},{"taxonomy":"post_tag","embeddable":true,"href":"https:\/\/public.kantarpolska.com\/archiwumraportow\/wp-json\/wp\/v2\/tags?post=4458"}],"curies":[{"name":"wp","href":"https:\/\/api.w.org\/{rel}","templated":true}]}}