
{"id":4456,"date":"2005-10-03T00:00:00","date_gmt":"2005-10-03T00:00:00","guid":{"rendered":"https:\/\/www.tnsglobal.pl\/archiwumraportow\/2005\/10\/03\/preferencje-prezydenckie-tydzien-przed-wyborami-2\/"},"modified":"2005-10-03T00:00:00","modified_gmt":"2005-10-03T00:00:00","slug":"preferencje-prezydenckie-tydzien-przed-wyborami-2","status":"publish","type":"post","link":"https:\/\/public.kantarpolska.com\/archiwumraportow\/2005\/10\/03\/preferencje-prezydenckie-tydzien-przed-wyborami-2\/","title":{"rendered":"Preferencje prezydenckie tydzie\u0144 przed wyborami"},"content":{"rendered":"<p>Komunikat prezentuje wyniki badania przeprowadzonego przez TNS OBOP na prze\u0142omie wrze\u015bnia i pa\u017adziernika (tydzie\u0144 przed wyborami prezydenckimi), w kt\u00f3rym zapytano Polak\u00f3w o zamiar uczestniczenia w zbli\u017caj\u0105cym si\u0119 g\u0142osowaniu,<!--more--> a osoby deklaruj\u0105ce udzia\u0142 w wyborach &#8211;  kt\u00f3remu z kandydat\u00f3w zamierzaj\u0105 przekaza\u0107 poparcie. Zapytali\u015bmy tak\u017ce badanych o to czy &#8211; je\u015bli okaza\u0142oby si\u0119, \u017ce b\u0119dzie druga tura wybor\u00f3w &#8211; wzi\u0119liby w niej udzia\u0142 zak\u0142adaj\u0105c, \u017ce mieliby wybiera\u0107 mi\u0119dzy Lechem Kaczy\u0144skim a Donaldem Tuskiem oraz na kt\u00f3rego z nich oddaliby sw\u00f3j g\u0142os. Badanie zosta\u0142o zrealizowane przed wycofaniem si\u0119 Macieja Giertycha ze startu w wyborach.<\/p>\n<div class=\"infopay\">Raport udost\u0119pniany jest bezp\u0142atnie, w us\u0142udze &#8222;udost\u0119pnij aby pobra\u0107&#8221;.<br \/>\n          <b>Na czym to polega?<\/b> Raport b\u0119dzie dost\u0119pny do pobrania w pdf po udost\u0119pnieniu wpisu z linkiem do Archiwum Raport\u00f3w TNS Polska na wybranym serwisie spo\u0142eczno\u015bciowym: Facebooku lub Twitterze.\n          <\/div>\n","protected":false},"excerpt":{"rendered":"<p>Komunikat prezentuje wyniki badania przeprowadzonego przez TNS OBOP na prze\u0142omie wrze\u015bnia i pa\u017adziernika (tydzie\u0144 przed wyborami prezydenckimi), w kt\u00f3rym zapytano Polak\u00f3w o zamiar uczestniczenia w zbli\u017caj\u0105cym si\u0119 g\u0142osowaniu,<\/p>\n","protected":false},"author":1,"featured_media":0,"comment_status":"closed","ping_status":"closed","sticky":false,"template":"","format":"standard","meta":{"ngg_post_thumbnail":0},"categories":[1],"tags":[],"_links":{"self":[{"href":"https:\/\/public.kantarpolska.com\/archiwumraportow\/wp-json\/wp\/v2\/posts\/4456"}],"collection":[{"href":"https:\/\/public.kantarpolska.com\/archiwumraportow\/wp-json\/wp\/v2\/posts"}],"about":[{"href":"https:\/\/public.kantarpolska.com\/archiwumraportow\/wp-json\/wp\/v2\/types\/post"}],"author":[{"embeddable":true,"href":"https:\/\/public.kantarpolska.com\/archiwumraportow\/wp-json\/wp\/v2\/users\/1"}],"replies":[{"embeddable":true,"href":"https:\/\/public.kantarpolska.com\/archiwumraportow\/wp-json\/wp\/v2\/comments?post=4456"}],"version-history":[{"count":0,"href":"https:\/\/public.kantarpolska.com\/archiwumraportow\/wp-json\/wp\/v2\/posts\/4456\/revisions"}],"wp:attachment":[{"href":"https:\/\/public.kantarpolska.com\/archiwumraportow\/wp-json\/wp\/v2\/media?parent=4456"}],"wp:term":[{"taxonomy":"category","embeddable":true,"href":"https:\/\/public.kantarpolska.com\/archiwumraportow\/wp-json\/wp\/v2\/categories?post=4456"},{"taxonomy":"post_tag","embeddable":true,"href":"https:\/\/public.kantarpolska.com\/archiwumraportow\/wp-json\/wp\/v2\/tags?post=4456"}],"curies":[{"name":"wp","href":"https:\/\/api.w.org\/{rel}","templated":true}]}}