
{"id":4454,"date":"2005-09-12T00:00:00","date_gmt":"2005-09-12T00:00:00","guid":{"rendered":"https:\/\/www.tnsglobal.pl\/archiwumraportow\/2005\/09\/12\/spoleczne-oceny-rzadu-premiera-i-prezydenta-we-wrzesniu-2005-r\/"},"modified":"2005-09-12T00:00:00","modified_gmt":"2005-09-12T00:00:00","slug":"spoleczne-oceny-rzadu-premiera-i-prezydenta-we-wrzesniu-2005-r","status":"publish","type":"post","link":"https:\/\/public.kantarpolska.com\/archiwumraportow\/2005\/09\/12\/spoleczne-oceny-rzadu-premiera-i-prezydenta-we-wrzesniu-2005-r\/","title":{"rendered":"Spo\u0142eczne oceny rz\u0105du, premiera i prezydenta we wrze\u015bniu 2005 r."},"content":{"rendered":"<p>Na pocz\u0105tku ka\u017cdego miesi\u0105ca, TNS OBOP pyta Polak\u00f3w, jak oceniaj\u0105 dzia\u0142alno\u015b\u0107 rz\u0105du, premiera i prezydenta. Tak\u017ce we wrze\u015bniu respondenci poproszeni zostali o ocen\u0119 dzia\u0142alno\u015bci Marka Belki i kierowanego<!--more--> przez niego gabinetu oraz sposobu wype\u0142niania obowi\u0105zk\u00f3w prezydenta przez Aleksandra Kwa\u015bniewskiego &#8211; by\u0142a to ostatnia, podsumowuj\u0105ca ocena odchodz\u0105cego rz\u0105du, premiera i prezydenta. W komunikacie przedstawione zosta\u0142y najnowsze oceny premiera, rz\u0105du i prezydenta, por\u00f3wnywane s\u0105 one z wynikami analogicznych pomiar\u00f3w od lipca 2004 r.<\/p>\n<div class=\"infopay\">Raport udost\u0119pniany jest bezp\u0142atnie, w us\u0142udze &#8222;udost\u0119pnij aby pobra\u0107&#8221;.<br \/>\n          <b>Na czym to polega?<\/b> Raport b\u0119dzie dost\u0119pny do pobrania w pdf po udost\u0119pnieniu wpisu z linkiem do Archiwum Raport\u00f3w TNS Polska na wybranym serwisie spo\u0142eczno\u015bciowym: Facebooku lub Twitterze.\n          <\/div>\n","protected":false},"excerpt":{"rendered":"<p>Na pocz\u0105tku ka\u017cdego miesi\u0105ca, TNS OBOP pyta Polak\u00f3w, jak oceniaj\u0105 dzia\u0142alno\u015b\u0107 rz\u0105du, premiera i prezydenta. Tak\u017ce we wrze\u015bniu respondenci poproszeni zostali o ocen\u0119 dzia\u0142alno\u015bci Marka Belki i kierowanego<\/p>\n","protected":false},"author":1,"featured_media":0,"comment_status":"closed","ping_status":"closed","sticky":false,"template":"","format":"standard","meta":{"ngg_post_thumbnail":0},"categories":[1],"tags":[],"_links":{"self":[{"href":"https:\/\/public.kantarpolska.com\/archiwumraportow\/wp-json\/wp\/v2\/posts\/4454"}],"collection":[{"href":"https:\/\/public.kantarpolska.com\/archiwumraportow\/wp-json\/wp\/v2\/posts"}],"about":[{"href":"https:\/\/public.kantarpolska.com\/archiwumraportow\/wp-json\/wp\/v2\/types\/post"}],"author":[{"embeddable":true,"href":"https:\/\/public.kantarpolska.com\/archiwumraportow\/wp-json\/wp\/v2\/users\/1"}],"replies":[{"embeddable":true,"href":"https:\/\/public.kantarpolska.com\/archiwumraportow\/wp-json\/wp\/v2\/comments?post=4454"}],"version-history":[{"count":0,"href":"https:\/\/public.kantarpolska.com\/archiwumraportow\/wp-json\/wp\/v2\/posts\/4454\/revisions"}],"wp:attachment":[{"href":"https:\/\/public.kantarpolska.com\/archiwumraportow\/wp-json\/wp\/v2\/media?parent=4454"}],"wp:term":[{"taxonomy":"category","embeddable":true,"href":"https:\/\/public.kantarpolska.com\/archiwumraportow\/wp-json\/wp\/v2\/categories?post=4454"},{"taxonomy":"post_tag","embeddable":true,"href":"https:\/\/public.kantarpolska.com\/archiwumraportow\/wp-json\/wp\/v2\/tags?post=4454"}],"curies":[{"name":"wp","href":"https:\/\/api.w.org\/{rel}","templated":true}]}}