
{"id":4450,"date":"2005-09-12T00:00:00","date_gmt":"2005-09-12T00:00:00","guid":{"rendered":"https:\/\/www.tnsglobal.pl\/archiwumraportow\/2005\/09\/12\/preferencje-prezydenckie-miesiac-przed-wyborami-2005-r-tuz-przed-rezygnacja-wlodzimierza-cimoszewicza-ze-startu-w-wyborach\/"},"modified":"2005-09-12T00:00:00","modified_gmt":"2005-09-12T00:00:00","slug":"preferencje-prezydenckie-miesiac-przed-wyborami-2005-r-tuz-przed-rezygnacja-wlodzimierza-cimoszewicza-ze-startu-w-wyborach","status":"publish","type":"post","link":"https:\/\/public.kantarpolska.com\/archiwumraportow\/2005\/09\/12\/preferencje-prezydenckie-miesiac-przed-wyborami-2005-r-tuz-przed-rezygnacja-wlodzimierza-cimoszewicza-ze-startu-w-wyborach\/","title":{"rendered":"Preferencje prezydenckie miesi\u0105c przed wyborami 2005 r. tu\u017c przed rezygnacj\u0105 W\u0142odzimierza Cimoszewicza ze startu w wyborach"},"content":{"rendered":"<p>W drugi weekend wrze\u015bnia TNS OBOP przeprowadzi\u0142 sonda\u017c, w kt\u00f3rym zapytano Polak\u00f3w o to czy i jak zamierzaj\u0105 g\u0142osowa\u0107 w wyborach prezydenckich. Dwa dni po zako\u0144czeniu terenowej<!--more--> realizacji tego badania jeden z pierwszej tr\u00f3jki dotychczasowych lider\u00f3w rankingu prezydenckiego poinformowa\u0142 o rezygnacji ze startu w wyborach. Komunikat pokazuje, jak kszta\u0142towa\u0142y si\u0119 szanse poszczeg\u00f3lnych kandydat\u00f3w do najwy\u017cszego urz\u0119du w pa\u0144stwie &#8211; w tym i W\u0142odzimierza Cimoszewicza &#8211; tu\u017c przed jego rezygnacj\u0105.<\/p>\n<div class=\"infopay\">Raport udost\u0119pniany jest bezp\u0142atnie, w us\u0142udze &#8222;udost\u0119pnij aby pobra\u0107&#8221;.<br \/>\n          <b>Na czym to polega?<\/b> Raport b\u0119dzie dost\u0119pny do pobrania w pdf po udost\u0119pnieniu wpisu z linkiem do Archiwum Raport\u00f3w TNS Polska na wybranym serwisie spo\u0142eczno\u015bciowym: Facebooku lub Twitterze.\n          <\/div>\n","protected":false},"excerpt":{"rendered":"<p>W drugi weekend wrze\u015bnia TNS OBOP przeprowadzi\u0142 sonda\u017c, w kt\u00f3rym zapytano Polak\u00f3w o to czy i jak zamierzaj\u0105 g\u0142osowa\u0107 w wyborach prezydenckich. Dwa dni po zako\u0144czeniu terenowej<\/p>\n","protected":false},"author":1,"featured_media":0,"comment_status":"closed","ping_status":"closed","sticky":false,"template":"","format":"standard","meta":{"ngg_post_thumbnail":0},"categories":[1],"tags":[],"_links":{"self":[{"href":"https:\/\/public.kantarpolska.com\/archiwumraportow\/wp-json\/wp\/v2\/posts\/4450"}],"collection":[{"href":"https:\/\/public.kantarpolska.com\/archiwumraportow\/wp-json\/wp\/v2\/posts"}],"about":[{"href":"https:\/\/public.kantarpolska.com\/archiwumraportow\/wp-json\/wp\/v2\/types\/post"}],"author":[{"embeddable":true,"href":"https:\/\/public.kantarpolska.com\/archiwumraportow\/wp-json\/wp\/v2\/users\/1"}],"replies":[{"embeddable":true,"href":"https:\/\/public.kantarpolska.com\/archiwumraportow\/wp-json\/wp\/v2\/comments?post=4450"}],"version-history":[{"count":0,"href":"https:\/\/public.kantarpolska.com\/archiwumraportow\/wp-json\/wp\/v2\/posts\/4450\/revisions"}],"wp:attachment":[{"href":"https:\/\/public.kantarpolska.com\/archiwumraportow\/wp-json\/wp\/v2\/media?parent=4450"}],"wp:term":[{"taxonomy":"category","embeddable":true,"href":"https:\/\/public.kantarpolska.com\/archiwumraportow\/wp-json\/wp\/v2\/categories?post=4450"},{"taxonomy":"post_tag","embeddable":true,"href":"https:\/\/public.kantarpolska.com\/archiwumraportow\/wp-json\/wp\/v2\/tags?post=4450"}],"curies":[{"name":"wp","href":"https:\/\/api.w.org\/{rel}","templated":true}]}}