
{"id":444,"date":"2001-08-06T00:00:00","date_gmt":"2001-08-06T00:00:00","guid":{"rendered":"https:\/\/www.tnsglobal.pl\/archiwumraportow\/2001\/08\/06\/ocena-rzadu-premiera-i-prezydenta-na-poczatku-sierpnia-2001-r\/"},"modified":"2001-08-06T00:00:00","modified_gmt":"2001-08-06T00:00:00","slug":"ocena-rzadu-premiera-i-prezydenta-na-poczatku-sierpnia-2001-r","status":"publish","type":"post","link":"https:\/\/public.kantarpolska.com\/archiwumraportow\/2001\/08\/06\/ocena-rzadu-premiera-i-prezydenta-na-poczatku-sierpnia-2001-r\/","title":{"rendered":"Ocena rz\u0105du, premiera i prezydenta na pocz\u0105tku sierpnia 2001 r."},"content":{"rendered":"<p>Sierpie\u0144 przyni\u00f3s\u0142 kolejne pogorszenie &#8211; i tak ju\u017c bardzo z\u0142ych &#8211; nastroj\u00f3w spo\u0142ecznych &#8211; informowali\u015bmy w komunikacie pt. &#8222;Nastroje spo\u0142eczne na pocz\u0105tku sierpnia 2001 r.&#8221;. Pogorszeniu temu mog\u0142y<!--more--> towarzyszy\u0107 r\u00f3wnie\u017c zmiany w postrzeganiu trzech instytucji w\u0142adzy: rz\u0105du, premiera i prezydenta. Niniejszy komunikat prezentuje opinie Polak\u00f3w o ich dzia\u0142aniach na pocz\u0105tku sierpnia. Najnowsze dane ukazane zosta\u0142y tak\u017ce na tle wcze\u015bniejszych wynik\u00f3w uzyskiwanych przez te trzy instytucje w naszych sonda\u017cach.<\/p>\n<div class=\"infopay\">Raport udost\u0119pniany jest bezp\u0142atnie, w us\u0142udze &#8222;udost\u0119pnij aby pobra\u0107&#8221;.<br \/>\n          <b>Na czym to polega?<\/b> Raport b\u0119dzie dost\u0119pny do pobrania w pdf po udost\u0119pnieniu wpisu z linkiem do Archiwum Raport\u00f3w TNS Polska na wybranym serwisie spo\u0142eczno\u015bciowym: Facebooku lub Twitterze.\n          <\/div>\n","protected":false},"excerpt":{"rendered":"<p>Sierpie\u0144 przyni\u00f3s\u0142 kolejne pogorszenie &#8211; i tak ju\u017c bardzo z\u0142ych &#8211; nastroj\u00f3w spo\u0142ecznych &#8211; informowali\u015bmy w komunikacie pt. &#8222;Nastroje spo\u0142eczne na pocz\u0105tku sierpnia 2001 r.&#8221;. Pogorszeniu temu mog\u0142y<\/p>\n","protected":false},"author":1,"featured_media":0,"comment_status":"closed","ping_status":"closed","sticky":false,"template":"","format":"standard","meta":{"ngg_post_thumbnail":0},"categories":[1],"tags":[],"_links":{"self":[{"href":"https:\/\/public.kantarpolska.com\/archiwumraportow\/wp-json\/wp\/v2\/posts\/444"}],"collection":[{"href":"https:\/\/public.kantarpolska.com\/archiwumraportow\/wp-json\/wp\/v2\/posts"}],"about":[{"href":"https:\/\/public.kantarpolska.com\/archiwumraportow\/wp-json\/wp\/v2\/types\/post"}],"author":[{"embeddable":true,"href":"https:\/\/public.kantarpolska.com\/archiwumraportow\/wp-json\/wp\/v2\/users\/1"}],"replies":[{"embeddable":true,"href":"https:\/\/public.kantarpolska.com\/archiwumraportow\/wp-json\/wp\/v2\/comments?post=444"}],"version-history":[{"count":0,"href":"https:\/\/public.kantarpolska.com\/archiwumraportow\/wp-json\/wp\/v2\/posts\/444\/revisions"}],"wp:attachment":[{"href":"https:\/\/public.kantarpolska.com\/archiwumraportow\/wp-json\/wp\/v2\/media?parent=444"}],"wp:term":[{"taxonomy":"category","embeddable":true,"href":"https:\/\/public.kantarpolska.com\/archiwumraportow\/wp-json\/wp\/v2\/categories?post=444"},{"taxonomy":"post_tag","embeddable":true,"href":"https:\/\/public.kantarpolska.com\/archiwumraportow\/wp-json\/wp\/v2\/tags?post=444"}],"curies":[{"name":"wp","href":"https:\/\/api.w.org\/{rel}","templated":true}]}}