
{"id":4438,"date":"2005-07-04T00:00:00","date_gmt":"2005-07-04T00:00:00","guid":{"rendered":"https:\/\/www.tnsglobal.pl\/archiwumraportow\/2005\/07\/04\/polacy-o-uchodzcach-wyniki-badania-zrealizowanego-dwa-tygodnie-po-obchodach-dnia-uchodzcy\/"},"modified":"2005-07-04T00:00:00","modified_gmt":"2005-07-04T00:00:00","slug":"polacy-o-uchodzcach-wyniki-badania-zrealizowanego-dwa-tygodnie-po-obchodach-dnia-uchodzcy","status":"publish","type":"post","link":"https:\/\/public.kantarpolska.com\/archiwumraportow\/2005\/07\/04\/polacy-o-uchodzcach-wyniki-badania-zrealizowanego-dwa-tygodnie-po-obchodach-dnia-uchodzcy\/","title":{"rendered":"Polacy o uchod\u017acach &#8211; wyniki badania zrealizowanego dwa tygodnie po obchodach Dnia Uchod\u017acy"},"content":{"rendered":"<p>20 czerwca br. obchodzono w Polsce Dzie\u0144 Uchod\u017acy. Dwa tygodnie p\u00f3\u017aniej TNS OBOP zako\u0144czy\u0142 &#8211; realizowany na zlecenie Wysokiego Komisarza ONZ do spraw Uchod\u017ac\u00f3w &#8211; sonda\u017c opinii Polak\u00f3w<!--more--> na temat uchod\u017ac\u00f3w. Zapytano w nim nie tylko kim &#8211; wed\u0142ug statystycznego Polaka &#8211; jest uchod\u017aca oraz czy mieli oni osobi\u015bcie kontakt z takimi osobami, ale r\u00f3wnie\u017c w jaki spos\u00f3b nasz kraj powinien traktowa\u0107 uchod\u017ac\u00f3w oraz jaki ewentualnie wp\u0142yw mo\u017ce mie\u0107 przybywanie uchod\u017ac\u00f3w na rzeczywisto\u015b\u0107 spo\u0142eczn\u0105, gospodarcz\u0105 i kulturow\u0105 przyjmuj\u0105cego ich kraju. Uzyskane wyniki zestawiono z danymi z bada\u0144 z poprzednich lat, co pozwala \u015bledzi\u0107 dynamik\u0119 zachodz\u0105cych przemian.<\/p>\n<div class=\"infopay\">Raport udost\u0119pniany jest bezp\u0142atnie, w us\u0142udze &#8222;udost\u0119pnij aby pobra\u0107&#8221;.<br \/>\n          <b>Na czym to polega?<\/b> Raport b\u0119dzie dost\u0119pny do pobrania w pdf po udost\u0119pnieniu wpisu z linkiem do Archiwum Raport\u00f3w TNS Polska na wybranym serwisie spo\u0142eczno\u015bciowym: Facebooku lub Twitterze.\n          <\/div>\n","protected":false},"excerpt":{"rendered":"<p>20 czerwca br. obchodzono w Polsce Dzie\u0144 Uchod\u017acy. Dwa tygodnie p\u00f3\u017aniej TNS OBOP zako\u0144czy\u0142 &#8211; realizowany na zlecenie Wysokiego Komisarza ONZ do spraw Uchod\u017ac\u00f3w &#8211; sonda\u017c opinii Polak\u00f3w<\/p>\n","protected":false},"author":1,"featured_media":0,"comment_status":"closed","ping_status":"closed","sticky":false,"template":"","format":"standard","meta":{"ngg_post_thumbnail":0},"categories":[1],"tags":[],"_links":{"self":[{"href":"https:\/\/public.kantarpolska.com\/archiwumraportow\/wp-json\/wp\/v2\/posts\/4438"}],"collection":[{"href":"https:\/\/public.kantarpolska.com\/archiwumraportow\/wp-json\/wp\/v2\/posts"}],"about":[{"href":"https:\/\/public.kantarpolska.com\/archiwumraportow\/wp-json\/wp\/v2\/types\/post"}],"author":[{"embeddable":true,"href":"https:\/\/public.kantarpolska.com\/archiwumraportow\/wp-json\/wp\/v2\/users\/1"}],"replies":[{"embeddable":true,"href":"https:\/\/public.kantarpolska.com\/archiwumraportow\/wp-json\/wp\/v2\/comments?post=4438"}],"version-history":[{"count":0,"href":"https:\/\/public.kantarpolska.com\/archiwumraportow\/wp-json\/wp\/v2\/posts\/4438\/revisions"}],"wp:attachment":[{"href":"https:\/\/public.kantarpolska.com\/archiwumraportow\/wp-json\/wp\/v2\/media?parent=4438"}],"wp:term":[{"taxonomy":"category","embeddable":true,"href":"https:\/\/public.kantarpolska.com\/archiwumraportow\/wp-json\/wp\/v2\/categories?post=4438"},{"taxonomy":"post_tag","embeddable":true,"href":"https:\/\/public.kantarpolska.com\/archiwumraportow\/wp-json\/wp\/v2\/tags?post=4438"}],"curies":[{"name":"wp","href":"https:\/\/api.w.org\/{rel}","templated":true}]}}