
{"id":4434,"date":"2005-07-04T00:00:00","date_gmt":"2005-07-04T00:00:00","guid":{"rendered":"https:\/\/www.tnsglobal.pl\/archiwumraportow\/2005\/07\/04\/spoleczne-oceny-rzadu-premiera-i-prezydenta-na-poczatku-lipca-2005-r\/"},"modified":"2005-07-04T00:00:00","modified_gmt":"2005-07-04T00:00:00","slug":"spoleczne-oceny-rzadu-premiera-i-prezydenta-na-poczatku-lipca-2005-r","status":"publish","type":"post","link":"https:\/\/public.kantarpolska.com\/archiwumraportow\/2005\/07\/04\/spoleczne-oceny-rzadu-premiera-i-prezydenta-na-poczatku-lipca-2005-r\/","title":{"rendered":"Spo\u0142eczne oceny rz\u0105du, premiera i prezydenta na pocz\u0105tku lipca 2005 r."},"content":{"rendered":"<p>Na pocz\u0105tku ka\u017cdego miesi\u0105ca TNS OBOP bada notowania rz\u0105du, premiera i prezydenta. Polacy proszeni s\u0105 o ocen\u0119 dzia\u0142alno\u015bci premiera Marka Belki i kierowanego przez niego gabinetu oraz sposobu wype\u0142niania<!--more--> obowi\u0105zk\u00f3w prezydenta przez Aleksandra Kwa\u015bniewskiego. W komunikacie przedstawione zosta\u0142y notowania premiera, rz\u0105du i prezydenta. Ich oceny z pocz\u0105tku lipca 2005 r. por\u00f3wnane s\u0105 z ocenami od maja 2004 r.<\/p>\n<div class=\"infopay\">Raport udost\u0119pniany jest bezp\u0142atnie, w us\u0142udze &#8222;udost\u0119pnij aby pobra\u0107&#8221;.<br \/>\n          <b>Na czym to polega?<\/b> Raport b\u0119dzie dost\u0119pny do pobrania w pdf po udost\u0119pnieniu wpisu z linkiem do Archiwum Raport\u00f3w TNS Polska na wybranym serwisie spo\u0142eczno\u015bciowym: Facebooku lub Twitterze.\n          <\/div>\n","protected":false},"excerpt":{"rendered":"<p>Na pocz\u0105tku ka\u017cdego miesi\u0105ca TNS OBOP bada notowania rz\u0105du, premiera i prezydenta. Polacy proszeni s\u0105 o ocen\u0119 dzia\u0142alno\u015bci premiera Marka Belki i kierowanego przez niego gabinetu oraz sposobu wype\u0142niania<\/p>\n","protected":false},"author":1,"featured_media":0,"comment_status":"closed","ping_status":"closed","sticky":false,"template":"","format":"standard","meta":{"ngg_post_thumbnail":0},"categories":[1],"tags":[],"_links":{"self":[{"href":"https:\/\/public.kantarpolska.com\/archiwumraportow\/wp-json\/wp\/v2\/posts\/4434"}],"collection":[{"href":"https:\/\/public.kantarpolska.com\/archiwumraportow\/wp-json\/wp\/v2\/posts"}],"about":[{"href":"https:\/\/public.kantarpolska.com\/archiwumraportow\/wp-json\/wp\/v2\/types\/post"}],"author":[{"embeddable":true,"href":"https:\/\/public.kantarpolska.com\/archiwumraportow\/wp-json\/wp\/v2\/users\/1"}],"replies":[{"embeddable":true,"href":"https:\/\/public.kantarpolska.com\/archiwumraportow\/wp-json\/wp\/v2\/comments?post=4434"}],"version-history":[{"count":0,"href":"https:\/\/public.kantarpolska.com\/archiwumraportow\/wp-json\/wp\/v2\/posts\/4434\/revisions"}],"wp:attachment":[{"href":"https:\/\/public.kantarpolska.com\/archiwumraportow\/wp-json\/wp\/v2\/media?parent=4434"}],"wp:term":[{"taxonomy":"category","embeddable":true,"href":"https:\/\/public.kantarpolska.com\/archiwumraportow\/wp-json\/wp\/v2\/categories?post=4434"},{"taxonomy":"post_tag","embeddable":true,"href":"https:\/\/public.kantarpolska.com\/archiwumraportow\/wp-json\/wp\/v2\/tags?post=4434"}],"curies":[{"name":"wp","href":"https:\/\/api.w.org\/{rel}","templated":true}]}}