
{"id":4425,"date":"2005-05-09T00:00:00","date_gmt":"2005-05-09T00:00:00","guid":{"rendered":"https:\/\/www.tnsglobal.pl\/archiwumraportow\/2005\/05\/09\/prezydent-2005\/"},"modified":"2005-05-09T00:00:00","modified_gmt":"2005-05-09T00:00:00","slug":"prezydent-2005","status":"publish","type":"post","link":"https:\/\/public.kantarpolska.com\/archiwumraportow\/2005\/05\/09\/prezydent-2005\/","title":{"rendered":"Prezydent 2005."},"content":{"rendered":"<p>Zanim jesieni\u0105 tego roku poznamy nazwisko zwyci\u0119zcy wybor\u00f3w prezydenckich, poznajemy nazwiska zwyci\u0119zc\u00f3w sonda\u017cy. Sonda\u017ce te realizowane s\u0105 w sytuacji, gdy lista kandydat\u00f3w do Pa\u0142acu Prezydenckiego nie jest zamkni\u0119ta.<!--more--> Wol\u0119 kandydowania wyrazi\u0142o do tej pory paru polityk\u00f3w i nie ma absolutnej pewno\u015bci, \u017ce przysz\u0142y prezydent b\u0119dzie jednym spo\u015br\u00f3d nich, a nie kim\u015b, kto jeszcze nie zg\u0142osi\u0142 ch\u0119ci kandydowania. W tej sytuacji warto\u015b\u0107 prognostyczna odpowiedzi na standardowe pytanie &#8222;Gdyby w najbli\u017csz\u0105 niedziel\u0119 odby\u0142y si\u0119 wybory na prezydenta, to na kogo by Pan g\u0142osowa\u0142?&#8221; jest wyj\u0105tkowo niska. Dlatego w sonda\u017cu z 5-9 maja 2005 r. TNS OBOP zada\u0142 Polakom inne pytania, o to kto b\u0119dzie najlepszym prezydentem oraz kto ich zdaniem wygra wybory. W komunikacie przedstawione s\u0105 wyniki tego sonda\u017cu.<\/p>\n<div class=\"infopay\">Raport udost\u0119pniany jest bezp\u0142atnie, w us\u0142udze &#8222;udost\u0119pnij aby pobra\u0107&#8221;.<br \/>\n          <b>Na czym to polega?<\/b> Raport b\u0119dzie dost\u0119pny do pobrania w pdf po udost\u0119pnieniu wpisu z linkiem do Archiwum Raport\u00f3w TNS Polska na wybranym serwisie spo\u0142eczno\u015bciowym: Facebooku lub Twitterze.\n          <\/div>\n","protected":false},"excerpt":{"rendered":"<p>Zanim jesieni\u0105 tego roku poznamy nazwisko zwyci\u0119zcy wybor\u00f3w prezydenckich, poznajemy nazwiska zwyci\u0119zc\u00f3w sonda\u017cy. Sonda\u017ce te realizowane s\u0105 w sytuacji, gdy lista kandydat\u00f3w do Pa\u0142acu Prezydenckiego nie jest zamkni\u0119ta.<\/p>\n","protected":false},"author":1,"featured_media":0,"comment_status":"closed","ping_status":"closed","sticky":false,"template":"","format":"standard","meta":{"ngg_post_thumbnail":0},"categories":[1],"tags":[],"_links":{"self":[{"href":"https:\/\/public.kantarpolska.com\/archiwumraportow\/wp-json\/wp\/v2\/posts\/4425"}],"collection":[{"href":"https:\/\/public.kantarpolska.com\/archiwumraportow\/wp-json\/wp\/v2\/posts"}],"about":[{"href":"https:\/\/public.kantarpolska.com\/archiwumraportow\/wp-json\/wp\/v2\/types\/post"}],"author":[{"embeddable":true,"href":"https:\/\/public.kantarpolska.com\/archiwumraportow\/wp-json\/wp\/v2\/users\/1"}],"replies":[{"embeddable":true,"href":"https:\/\/public.kantarpolska.com\/archiwumraportow\/wp-json\/wp\/v2\/comments?post=4425"}],"version-history":[{"count":0,"href":"https:\/\/public.kantarpolska.com\/archiwumraportow\/wp-json\/wp\/v2\/posts\/4425\/revisions"}],"wp:attachment":[{"href":"https:\/\/public.kantarpolska.com\/archiwumraportow\/wp-json\/wp\/v2\/media?parent=4425"}],"wp:term":[{"taxonomy":"category","embeddable":true,"href":"https:\/\/public.kantarpolska.com\/archiwumraportow\/wp-json\/wp\/v2\/categories?post=4425"},{"taxonomy":"post_tag","embeddable":true,"href":"https:\/\/public.kantarpolska.com\/archiwumraportow\/wp-json\/wp\/v2\/tags?post=4425"}],"curies":[{"name":"wp","href":"https:\/\/api.w.org\/{rel}","templated":true}]}}