
{"id":4413,"date":"2005-03-08T00:00:00","date_gmt":"2005-03-08T00:00:00","guid":{"rendered":"https:\/\/www.tnsglobal.pl\/archiwumraportow\/2005\/03\/08\/swieta-wielkanocne-2005\/"},"modified":"2005-03-08T00:00:00","modified_gmt":"2005-03-08T00:00:00","slug":"swieta-wielkanocne-2005","status":"publish","type":"post","link":"https:\/\/public.kantarpolska.com\/archiwumraportow\/2005\/03\/08\/swieta-wielkanocne-2005\/","title":{"rendered":"\u015awi\u0119ta Wielkanocne 2005."},"content":{"rendered":"<p>Obchodzona na pami\u0105tk\u0119 Zmartwychwstania Jezusa Chrystusa Wielkanoc jest najstarszym i najwa\u017cniejszym \u015bwi\u0119tem dla chrze\u015bcijan. W pierwszym tygodniu marca, gdy do tych uroczystych chwil pozostawa\u0142y trzy tygodnie, zapytali\u015bmy<!--more--> Polak\u00f3w o to, jak b\u0119d\u0105 przygotowywa\u0107 si\u0119 do tych \u015bwi\u0105t, czy zamierzaj\u0105 uczestniczy\u0107 w odbywaj\u0105cych si\u0119 w tym okresie uroczysto\u015bciach religijnych, jakie tradycje i zwyczaje b\u0119d\u0105 piel\u0119gnowa\u0107, i w jakich okoliczno\u015bciach spo\u017cywa\u0107 b\u0119d\u0105 uroczyste \u015bniadanie wielkanocne. Deklaracje Polak\u00f3w uzyskane w tym roku zestawili\u015bmy z odpowiedziami, jakie na te same pytania pada\u0142y przed trzema i siedmioma laty. Czy wraz z up\u0142ywem czasu zmienia si\u0119 spos\u00f3b prze\u017cywania tych \u015bwi\u0105t? Czy tradycje zwi\u0105zane z tym okresem s\u0105 wci\u0105\u017c tak samo kultywowane? A mo\u017ce od niekt\u00f3rych zwyczaj\u00f3w i obrz\u0119d\u00f3w wierni powoli odchodz\u0105 lub przeciwnie &#8211; mo\u017ce ch\u0119tniej ich dochowuj\u0105? W komunikacie przedstawione s\u0105 odpowiedzi na te pytania.<\/p>\n<div class=\"infopay\">Raport udost\u0119pniany jest bezp\u0142atnie, w us\u0142udze &#8222;udost\u0119pnij aby pobra\u0107&#8221;.<br \/>\n          <b>Na czym to polega?<\/b> Raport b\u0119dzie dost\u0119pny do pobrania w pdf po udost\u0119pnieniu wpisu z linkiem do Archiwum Raport\u00f3w TNS Polska na wybranym serwisie spo\u0142eczno\u015bciowym: Facebooku lub Twitterze.\n          <\/div>\n","protected":false},"excerpt":{"rendered":"<p>Obchodzona na pami\u0105tk\u0119 Zmartwychwstania Jezusa Chrystusa Wielkanoc jest najstarszym i najwa\u017cniejszym \u015bwi\u0119tem dla chrze\u015bcijan. W pierwszym tygodniu marca, gdy do tych uroczystych chwil pozostawa\u0142y trzy tygodnie, zapytali\u015bmy<\/p>\n","protected":false},"author":1,"featured_media":0,"comment_status":"closed","ping_status":"closed","sticky":false,"template":"","format":"standard","meta":{"ngg_post_thumbnail":0},"categories":[1],"tags":[],"_links":{"self":[{"href":"https:\/\/public.kantarpolska.com\/archiwumraportow\/wp-json\/wp\/v2\/posts\/4413"}],"collection":[{"href":"https:\/\/public.kantarpolska.com\/archiwumraportow\/wp-json\/wp\/v2\/posts"}],"about":[{"href":"https:\/\/public.kantarpolska.com\/archiwumraportow\/wp-json\/wp\/v2\/types\/post"}],"author":[{"embeddable":true,"href":"https:\/\/public.kantarpolska.com\/archiwumraportow\/wp-json\/wp\/v2\/users\/1"}],"replies":[{"embeddable":true,"href":"https:\/\/public.kantarpolska.com\/archiwumraportow\/wp-json\/wp\/v2\/comments?post=4413"}],"version-history":[{"count":1,"href":"https:\/\/public.kantarpolska.com\/archiwumraportow\/wp-json\/wp\/v2\/posts\/4413\/revisions"}],"predecessor-version":[{"id":6075,"href":"https:\/\/public.kantarpolska.com\/archiwumraportow\/wp-json\/wp\/v2\/posts\/4413\/revisions\/6075"}],"wp:attachment":[{"href":"https:\/\/public.kantarpolska.com\/archiwumraportow\/wp-json\/wp\/v2\/media?parent=4413"}],"wp:term":[{"taxonomy":"category","embeddable":true,"href":"https:\/\/public.kantarpolska.com\/archiwumraportow\/wp-json\/wp\/v2\/categories?post=4413"},{"taxonomy":"post_tag","embeddable":true,"href":"https:\/\/public.kantarpolska.com\/archiwumraportow\/wp-json\/wp\/v2\/tags?post=4413"}],"curies":[{"name":"wp","href":"https:\/\/api.w.org\/{rel}","templated":true}]}}