
{"id":441,"date":"2001-07-22T00:00:00","date_gmt":"2001-07-22T00:00:00","guid":{"rendered":"https:\/\/www.tnsglobal.pl\/archiwumraportow\/2001\/07\/22\/przed-wyborami-2001-wyborcy-o-inicjatywach-integracyjnych-prawicy\/"},"modified":"2001-07-22T00:00:00","modified_gmt":"2001-07-22T00:00:00","slug":"przed-wyborami-2001-wyborcy-o-inicjatywach-integracyjnych-prawicy","status":"publish","type":"post","link":"https:\/\/public.kantarpolska.com\/archiwumraportow\/2001\/07\/22\/przed-wyborami-2001-wyborcy-o-inicjatywach-integracyjnych-prawicy\/","title":{"rendered":"Przed wyborami 2001. Wyborcy o inicjatywach integracyjnych prawicy"},"content":{"rendered":"<p>Integracja \u015brodowisk prawicowych przed wyborami parlamentarnymi z 1997 roku zaowocowa\u0142a ich wyborczym zwyci\u0119stwem: otworzy\u0142a drog\u0119 do parlamentu i pozwoli\u0142a na obj\u0119cie w\u0142adzy. Dzi\u015b, po czterech latach powt\u00f3rka tamtego<!--more--> scenariusza nie wydaje si\u0119 prawdopodobna, bezapelacyjnym liderem ranking\u00f3w przedwyborczych pozostaje koalicja SLD-UP, kt\u00f3ra &#8211; jak wskazuj\u0105 przeliczenia deklarowanych g\u0142os\u00f3w poparcia potencjalnych wyborc\u00f3w na mandaty sejmowe &#8211; nawet przy mniej korzystnej dla du\u017cych ugrupowa\u0144 ordynacji, ma realne szanse na samodzielne utworzenie rz\u0105du. rnW drugiej po\u0142owie lipca zapytali\u015bmy Polak\u00f3w, czy r\u00f3wnie\u017c dzi\u015b &#8211; jak przed czterema laty &#8211; prawdopodobne jest, ich zdaniem, porozumienie i po\u0142\u0105czenie si\u0142 prawicowych w d\u0105\u017ceniach do obsadzenia miejsc w Sejmie oraz w Senacie. Interesowa\u0142o te\u017c nas, jakie by\u0142oby zainteresowanie potencjalnych wyborc\u00f3w powstaniem takich list. rnReakcje Polak\u00f3w na pytania o szanse wsp\u00f3lnych inicjatyw wyborczych na prawicy s\u0105 tym bardziej interesuj\u0105ce, \u017ce na scenie wyborczej pojawi\u0142 si\u0119 ju\u017c &#8211; mo\u017ce nie stricte prawicowy &#8211; ale rekomendowany przez AWSP, UW, PO i ROP komitet wyborczy do Senatu Blok Senat 2001.<\/p>\n<div class=\"infopay\">Raport udost\u0119pniany jest bezp\u0142atnie, w us\u0142udze &#8222;udost\u0119pnij aby pobra\u0107&#8221;.<br \/>\n          <b>Na czym to polega?<\/b> Raport b\u0119dzie dost\u0119pny do pobrania w pdf po udost\u0119pnieniu wpisu z linkiem do Archiwum Raport\u00f3w TNS Polska na wybranym serwisie spo\u0142eczno\u015bciowym: Facebooku lub Twitterze.\n          <\/div>\n","protected":false},"excerpt":{"rendered":"<p>Integracja \u015brodowisk prawicowych przed wyborami parlamentarnymi z 1997 roku zaowocowa\u0142a ich wyborczym zwyci\u0119stwem: otworzy\u0142a drog\u0119 do parlamentu i pozwoli\u0142a na obj\u0119cie w\u0142adzy. Dzi\u015b, po czterech latach powt\u00f3rka tamtego<\/p>\n","protected":false},"author":1,"featured_media":0,"comment_status":"closed","ping_status":"closed","sticky":false,"template":"","format":"standard","meta":{"ngg_post_thumbnail":0},"categories":[1],"tags":[],"_links":{"self":[{"href":"https:\/\/public.kantarpolska.com\/archiwumraportow\/wp-json\/wp\/v2\/posts\/441"}],"collection":[{"href":"https:\/\/public.kantarpolska.com\/archiwumraportow\/wp-json\/wp\/v2\/posts"}],"about":[{"href":"https:\/\/public.kantarpolska.com\/archiwumraportow\/wp-json\/wp\/v2\/types\/post"}],"author":[{"embeddable":true,"href":"https:\/\/public.kantarpolska.com\/archiwumraportow\/wp-json\/wp\/v2\/users\/1"}],"replies":[{"embeddable":true,"href":"https:\/\/public.kantarpolska.com\/archiwumraportow\/wp-json\/wp\/v2\/comments?post=441"}],"version-history":[{"count":0,"href":"https:\/\/public.kantarpolska.com\/archiwumraportow\/wp-json\/wp\/v2\/posts\/441\/revisions"}],"wp:attachment":[{"href":"https:\/\/public.kantarpolska.com\/archiwumraportow\/wp-json\/wp\/v2\/media?parent=441"}],"wp:term":[{"taxonomy":"category","embeddable":true,"href":"https:\/\/public.kantarpolska.com\/archiwumraportow\/wp-json\/wp\/v2\/categories?post=441"},{"taxonomy":"post_tag","embeddable":true,"href":"https:\/\/public.kantarpolska.com\/archiwumraportow\/wp-json\/wp\/v2\/tags?post=441"}],"curies":[{"name":"wp","href":"https:\/\/api.w.org\/{rel}","templated":true}]}}