
{"id":4409,"date":"2005-03-08T00:00:00","date_gmt":"2005-03-08T00:00:00","guid":{"rendered":"https:\/\/www.tnsglobal.pl\/archiwumraportow\/2005\/03\/08\/preferencje-partyjne-polakow-w-marcu-2005-r\/"},"modified":"2005-03-08T00:00:00","modified_gmt":"2005-03-08T00:00:00","slug":"preferencje-partyjne-polakow-w-marcu-2005-r","status":"publish","type":"post","link":"https:\/\/public.kantarpolska.com\/archiwumraportow\/2005\/03\/08\/preferencje-partyjne-polakow-w-marcu-2005-r\/","title":{"rendered":"Preferencje partyjne Polak\u00f3w w marcu 2005 r."},"content":{"rendered":"<p>Marcowy pomiar preferencji partyjnych mia\u0142 miejsce w pierwszej po\u0142owie tego miesi\u0105ca. W badaniu zapytano pe\u0142noletnich Polak\u00f3w o gotowo\u015b\u0107 wzi\u0119cia udzia\u0142u w wyborach do Sejmu (gdyby takie odbywa\u0142y si\u0119<!--more--> w najbli\u017csz\u0105 niedziel\u0119), a osoby zainteresowane p\u00f3j\u015bciem do urn &#8211; o to jak by w wyborach tych g\u0142osowa\u0142y. Inaczej ni\u017c w dotychczasowych badaniach, tym razem zadali\u015bmy dwa pytania o preferencje. W pierwszym pytaniu lista partii przedstawiana respondentom zawiera\u0142a wszystkie te ugrupowania, o kt\u00f3re pytali\u015bmy dotychczas. Z listy drugiej natomiast usuni\u0119to Uni\u0119 Wolno\u015bci, dodaj\u0105c jednocze\u015bnie Parti\u0119 Demokratyczn\u0105. Obie listy u\u0142o\u017cone by\u0142y alfabetycznie i obok nazwy ka\u017cdej z partii w nawiasie podano nazwisko lidera (lider\u00f3w w przypadku PD). Badani nie byli uprzedzani o charakterze r\u00f3\u017cnic mi\u0119dzy listami. rnW komunikacie por\u00f3wnano wyniki uzyskane na oba pytania o preferencje, przedstawiono tabel\u0119 przep\u0142yw\u00f3w g\u0142os\u00f3w, zaprezentowano dynamik\u0119 zmian poparcia, symulacj\u0119 podzia\u0142u mandat\u00f3w w zale\u017cno\u015bci od wyniku dla ka\u017cdej z list oraz przedstawiono informacje o zmianach w liczbie os\u00f3b niezdecydowanych, jak g\u0142osowa\u0107.<\/p>\n<div class=\"infopay\">Raport udost\u0119pniany jest bezp\u0142atnie, w us\u0142udze &#8222;udost\u0119pnij aby pobra\u0107&#8221;.<br \/>\n          <b>Na czym to polega?<\/b> Raport b\u0119dzie dost\u0119pny do pobrania w pdf po udost\u0119pnieniu wpisu z linkiem do Archiwum Raport\u00f3w TNS Polska na wybranym serwisie spo\u0142eczno\u015bciowym: Facebooku lub Twitterze.\n          <\/div>\n","protected":false},"excerpt":{"rendered":"<p>Marcowy pomiar preferencji partyjnych mia\u0142 miejsce w pierwszej po\u0142owie tego miesi\u0105ca. W badaniu zapytano pe\u0142noletnich Polak\u00f3w o gotowo\u015b\u0107 wzi\u0119cia udzia\u0142u w wyborach do Sejmu (gdyby takie odbywa\u0142y si\u0119<\/p>\n","protected":false},"author":1,"featured_media":0,"comment_status":"closed","ping_status":"closed","sticky":false,"template":"","format":"standard","meta":{"ngg_post_thumbnail":0},"categories":[1],"tags":[],"_links":{"self":[{"href":"https:\/\/public.kantarpolska.com\/archiwumraportow\/wp-json\/wp\/v2\/posts\/4409"}],"collection":[{"href":"https:\/\/public.kantarpolska.com\/archiwumraportow\/wp-json\/wp\/v2\/posts"}],"about":[{"href":"https:\/\/public.kantarpolska.com\/archiwumraportow\/wp-json\/wp\/v2\/types\/post"}],"author":[{"embeddable":true,"href":"https:\/\/public.kantarpolska.com\/archiwumraportow\/wp-json\/wp\/v2\/users\/1"}],"replies":[{"embeddable":true,"href":"https:\/\/public.kantarpolska.com\/archiwumraportow\/wp-json\/wp\/v2\/comments?post=4409"}],"version-history":[{"count":0,"href":"https:\/\/public.kantarpolska.com\/archiwumraportow\/wp-json\/wp\/v2\/posts\/4409\/revisions"}],"wp:attachment":[{"href":"https:\/\/public.kantarpolska.com\/archiwumraportow\/wp-json\/wp\/v2\/media?parent=4409"}],"wp:term":[{"taxonomy":"category","embeddable":true,"href":"https:\/\/public.kantarpolska.com\/archiwumraportow\/wp-json\/wp\/v2\/categories?post=4409"},{"taxonomy":"post_tag","embeddable":true,"href":"https:\/\/public.kantarpolska.com\/archiwumraportow\/wp-json\/wp\/v2\/tags?post=4409"}],"curies":[{"name":"wp","href":"https:\/\/api.w.org\/{rel}","templated":true}]}}