
{"id":4407,"date":"2005-03-08T00:00:00","date_gmt":"2005-03-08T00:00:00","guid":{"rendered":"https:\/\/www.tnsglobal.pl\/archiwumraportow\/2005\/03\/08\/wybory-wiosna-czy-jesienia\/"},"modified":"2005-03-08T00:00:00","modified_gmt":"2005-03-08T00:00:00","slug":"wybory-wiosna-czy-jesienia","status":"publish","type":"post","link":"https:\/\/public.kantarpolska.com\/archiwumraportow\/2005\/03\/08\/wybory-wiosna-czy-jesienia\/","title":{"rendered":"Wybory wiosn\u0105 czy jesieni\u0105?"},"content":{"rendered":"<p>Prawie od roku trwa w Polsce dyskusja nad rozwi\u0105zaniem (lub samorozwi\u0105zaniem) Sejmu i wcze\u015bniejszymi wyborami. Sytuacja jest dynamiczna &#8211; ka\u017cdy tydzie\u0144 przynosi nowe wypowiedzi i zapowiedzi<!--more--> w tej sprawie. W sonda\u017cu TNS przeprowadzonym na pocz\u0105tku marca 2005 r. wypowiedzia\u0142a si\u0119 masowa opinia publiczna. Respondenci zostali zapytani o ich preferencje odno\u015bnie terminu wybor\u00f3w oraz o to czy pami\u0119taj\u0105 obietnice polityk\u00f3w dotycz\u0105ce samorozwi\u0105zania si\u0119 Sejmu. Komunikat zawiera podsumowanie tych wynik\u00f3w.<\/p>\n<div class=\"infopay\">Raport udost\u0119pniany jest bezp\u0142atnie, w us\u0142udze &#8222;udost\u0119pnij aby pobra\u0107&#8221;.<br \/>\n          <b>Na czym to polega?<\/b> Raport b\u0119dzie dost\u0119pny do pobrania w pdf po udost\u0119pnieniu wpisu z linkiem do Archiwum Raport\u00f3w TNS Polska na wybranym serwisie spo\u0142eczno\u015bciowym: Facebooku lub Twitterze.\n          <\/div>\n","protected":false},"excerpt":{"rendered":"<p>Prawie od roku trwa w Polsce dyskusja nad rozwi\u0105zaniem (lub samorozwi\u0105zaniem) Sejmu i wcze\u015bniejszymi wyborami. Sytuacja jest dynamiczna &#8211; ka\u017cdy tydzie\u0144 przynosi nowe wypowiedzi i zapowiedzi<\/p>\n","protected":false},"author":1,"featured_media":0,"comment_status":"closed","ping_status":"closed","sticky":false,"template":"","format":"standard","meta":{"ngg_post_thumbnail":0},"categories":[1],"tags":[],"_links":{"self":[{"href":"https:\/\/public.kantarpolska.com\/archiwumraportow\/wp-json\/wp\/v2\/posts\/4407"}],"collection":[{"href":"https:\/\/public.kantarpolska.com\/archiwumraportow\/wp-json\/wp\/v2\/posts"}],"about":[{"href":"https:\/\/public.kantarpolska.com\/archiwumraportow\/wp-json\/wp\/v2\/types\/post"}],"author":[{"embeddable":true,"href":"https:\/\/public.kantarpolska.com\/archiwumraportow\/wp-json\/wp\/v2\/users\/1"}],"replies":[{"embeddable":true,"href":"https:\/\/public.kantarpolska.com\/archiwumraportow\/wp-json\/wp\/v2\/comments?post=4407"}],"version-history":[{"count":0,"href":"https:\/\/public.kantarpolska.com\/archiwumraportow\/wp-json\/wp\/v2\/posts\/4407\/revisions"}],"wp:attachment":[{"href":"https:\/\/public.kantarpolska.com\/archiwumraportow\/wp-json\/wp\/v2\/media?parent=4407"}],"wp:term":[{"taxonomy":"category","embeddable":true,"href":"https:\/\/public.kantarpolska.com\/archiwumraportow\/wp-json\/wp\/v2\/categories?post=4407"},{"taxonomy":"post_tag","embeddable":true,"href":"https:\/\/public.kantarpolska.com\/archiwumraportow\/wp-json\/wp\/v2\/tags?post=4407"}],"curies":[{"name":"wp","href":"https:\/\/api.w.org\/{rel}","templated":true}]}}