
{"id":439,"date":"2001-07-22T00:00:00","date_gmt":"2001-07-22T00:00:00","guid":{"rendered":"https:\/\/www.tnsglobal.pl\/archiwumraportow\/2001\/07\/22\/wakacyjny-wypoczynek-polakow-letnia-stolica-polski-ranking-miast\/"},"modified":"2001-07-22T00:00:00","modified_gmt":"2001-07-22T00:00:00","slug":"wakacyjny-wypoczynek-polakow-letnia-stolica-polski-ranking-miast","status":"publish","type":"post","link":"https:\/\/public.kantarpolska.com\/archiwumraportow\/2001\/07\/22\/wakacyjny-wypoczynek-polakow-letnia-stolica-polski-ranking-miast\/","title":{"rendered":"Wakacyjny wypoczynek Polak\u00f3w. Letnia stolica Polski &#8211; ranking miast"},"content":{"rendered":"<p> W przeprowadzonym w po\u0142owie lipca badaniu zapytali\u015bmy Polak\u00f3w, gdzie sp\u0119dz\u0105 &#8211; lub ju\u017c sp\u0119dzili &#8211; tegoroczny urlop oraz czy, przy planowaniu letniego wypoczynku, zamierzaj\u0105 skorzysta\u0107<!--more--> &#8211; lub skorzystali w tym sezonie &#8211; z po\u015brednictwa, ofert biur podr\u00f3\u017cy. Wakacyjny okres sprowokowa\u0142 nas tak\u017ce do zadania pytania, jakie miasto, w spo\u0142ecznym odczuciu, zas\u0142uguje najlepiej na miano letniej stolicy Polski.<\/p>\n<div class=\"infopay\">Raport udost\u0119pniany jest bezp\u0142atnie, w us\u0142udze &#8222;udost\u0119pnij aby pobra\u0107&#8221;.<br \/>\n          <b>Na czym to polega?<\/b> Raport b\u0119dzie dost\u0119pny do pobrania w pdf po udost\u0119pnieniu wpisu z linkiem do Archiwum Raport\u00f3w TNS Polska na wybranym serwisie spo\u0142eczno\u015bciowym: Facebooku lub Twitterze.\n          <\/div>\n","protected":false},"excerpt":{"rendered":"<p>W przeprowadzonym w po\u0142owie lipca badaniu zapytali\u015bmy Polak\u00f3w, gdzie sp\u0119dz\u0105 &#8211; lub ju\u017c sp\u0119dzili &#8211; tegoroczny urlop oraz czy, przy planowaniu letniego wypoczynku, zamierzaj\u0105 skorzysta\u0107<\/p>\n","protected":false},"author":1,"featured_media":0,"comment_status":"closed","ping_status":"closed","sticky":false,"template":"","format":"standard","meta":{"ngg_post_thumbnail":0},"categories":[1],"tags":[],"_links":{"self":[{"href":"https:\/\/public.kantarpolska.com\/archiwumraportow\/wp-json\/wp\/v2\/posts\/439"}],"collection":[{"href":"https:\/\/public.kantarpolska.com\/archiwumraportow\/wp-json\/wp\/v2\/posts"}],"about":[{"href":"https:\/\/public.kantarpolska.com\/archiwumraportow\/wp-json\/wp\/v2\/types\/post"}],"author":[{"embeddable":true,"href":"https:\/\/public.kantarpolska.com\/archiwumraportow\/wp-json\/wp\/v2\/users\/1"}],"replies":[{"embeddable":true,"href":"https:\/\/public.kantarpolska.com\/archiwumraportow\/wp-json\/wp\/v2\/comments?post=439"}],"version-history":[{"count":1,"href":"https:\/\/public.kantarpolska.com\/archiwumraportow\/wp-json\/wp\/v2\/posts\/439\/revisions"}],"predecessor-version":[{"id":5681,"href":"https:\/\/public.kantarpolska.com\/archiwumraportow\/wp-json\/wp\/v2\/posts\/439\/revisions\/5681"}],"wp:attachment":[{"href":"https:\/\/public.kantarpolska.com\/archiwumraportow\/wp-json\/wp\/v2\/media?parent=439"}],"wp:term":[{"taxonomy":"category","embeddable":true,"href":"https:\/\/public.kantarpolska.com\/archiwumraportow\/wp-json\/wp\/v2\/categories?post=439"},{"taxonomy":"post_tag","embeddable":true,"href":"https:\/\/public.kantarpolska.com\/archiwumraportow\/wp-json\/wp\/v2\/tags?post=439"}],"curies":[{"name":"wp","href":"https:\/\/api.w.org\/{rel}","templated":true}]}}