
{"id":4373,"date":"2005-01-10T00:00:00","date_gmt":"2005-01-10T00:00:00","guid":{"rendered":"https:\/\/www.tnsglobal.pl\/archiwumraportow\/2005\/01\/10\/oceny-roku-2004-i-oczekiwania-wiazane-z-rokiem-2005\/"},"modified":"2005-01-10T00:00:00","modified_gmt":"2005-01-10T00:00:00","slug":"oceny-roku-2004-i-oczekiwania-wiazane-z-rokiem-2005","status":"publish","type":"post","link":"https:\/\/public.kantarpolska.com\/archiwumraportow\/2005\/01\/10\/oceny-roku-2004-i-oczekiwania-wiazane-z-rokiem-2005\/","title":{"rendered":"Oceny roku 2004 i oczekiwania wi\u0105zane z rokiem 2005"},"content":{"rendered":"<p>Z pocz\u0105tkiem nowego 2005 roku zapytali\u015bmy Polak\u00f3w o to, jaki by\u0142 dla nich, dla kraju, a jaki dla \u015bwiata miniony 2004 rok. Co takiego &#8211; zdaniem pytanych wydarzy\u0142o<!--more--> si\u0119 pomy\u015blnego, a co z\u0142ego sta\u0142o si\u0119 w ci\u0105gu tych dwunastu miesi\u0119cy w Polsce i na \u015bwiecie. W badaniu skupili\u015bmy si\u0119 nie tylko na analizowaniu przesz\u0142o\u015bci, ale te\u017c zapytali\u015bmy o najbli\u017csz\u0105 przysz\u0142o\u015b\u0107 &#8211; czego oczekujemy po roku 2005? Jaki b\u0119dzie dla nas osobi\u015bcie, co przyniesie krajowi, a co \u015bwiatu &#8211; czy spodziewamy si\u0119 zmian na lepsze, czy na gorsze, a mo\u017ce nie spodziewamy si\u0119, by wyr\u00f3\u017cnia\u0142 si\u0119 na tle poprzedniego. Niezale\u017cnie od charakteru wyra\u017canych prognoz poprosili\u015bmy o uzasadnienie opinii o kierunku rozwoju wydarze\u0144 krajowych.rnW komunikacie najnowsze oceny i prognozy zestawione s\u0105 z opiniami (ocenami i prognozami) wyra\u017canymi przez Polak\u00f3w w latach poprzednich (po raz pierwszy badanie to OBOP przeprowadzi\u0142 w 1963 roku).<\/p>\n<div class=\"infopay\">Raport udost\u0119pniany jest bezp\u0142atnie, w us\u0142udze &#8222;udost\u0119pnij aby pobra\u0107&#8221;.<br \/>\n          <b>Na czym to polega?<\/b> Raport b\u0119dzie dost\u0119pny do pobrania w pdf po udost\u0119pnieniu wpisu z linkiem do Archiwum Raport\u00f3w TNS Polska na wybranym serwisie spo\u0142eczno\u015bciowym: Facebooku lub Twitterze.\n          <\/div>\n","protected":false},"excerpt":{"rendered":"<p>Z pocz\u0105tkiem nowego 2005 roku zapytali\u015bmy Polak\u00f3w o to, jaki by\u0142 dla nich, dla kraju, a jaki dla \u015bwiata miniony 2004 rok. Co takiego &#8211; zdaniem pytanych wydarzy\u0142o<\/p>\n","protected":false},"author":1,"featured_media":0,"comment_status":"closed","ping_status":"closed","sticky":false,"template":"","format":"standard","meta":{"ngg_post_thumbnail":0},"categories":[1],"tags":[],"_links":{"self":[{"href":"https:\/\/public.kantarpolska.com\/archiwumraportow\/wp-json\/wp\/v2\/posts\/4373"}],"collection":[{"href":"https:\/\/public.kantarpolska.com\/archiwumraportow\/wp-json\/wp\/v2\/posts"}],"about":[{"href":"https:\/\/public.kantarpolska.com\/archiwumraportow\/wp-json\/wp\/v2\/types\/post"}],"author":[{"embeddable":true,"href":"https:\/\/public.kantarpolska.com\/archiwumraportow\/wp-json\/wp\/v2\/users\/1"}],"replies":[{"embeddable":true,"href":"https:\/\/public.kantarpolska.com\/archiwumraportow\/wp-json\/wp\/v2\/comments?post=4373"}],"version-history":[{"count":0,"href":"https:\/\/public.kantarpolska.com\/archiwumraportow\/wp-json\/wp\/v2\/posts\/4373\/revisions"}],"wp:attachment":[{"href":"https:\/\/public.kantarpolska.com\/archiwumraportow\/wp-json\/wp\/v2\/media?parent=4373"}],"wp:term":[{"taxonomy":"category","embeddable":true,"href":"https:\/\/public.kantarpolska.com\/archiwumraportow\/wp-json\/wp\/v2\/categories?post=4373"},{"taxonomy":"post_tag","embeddable":true,"href":"https:\/\/public.kantarpolska.com\/archiwumraportow\/wp-json\/wp\/v2\/tags?post=4373"}],"curies":[{"name":"wp","href":"https:\/\/api.w.org\/{rel}","templated":true}]}}