
{"id":4370,"date":"2004-11-07T00:00:00","date_gmt":"2004-11-07T00:00:00","guid":{"rendered":"https:\/\/www.tnsglobal.pl\/archiwumraportow\/2004\/11\/07\/wskaznik-nastrojow-ekonomicznych-polacy-o-kondycji-ekonomicznej-kraju-i-wlasnej-sytuacji-materialnej-w-polowie-czwartego-kwartalu-2004-r\/"},"modified":"2004-11-07T00:00:00","modified_gmt":"2004-11-07T00:00:00","slug":"wskaznik-nastrojow-ekonomicznych-polacy-o-kondycji-ekonomicznej-kraju-i-wlasnej-sytuacji-materialnej-w-polowie-czwartego-kwartalu-2004-r","status":"publish","type":"post","link":"https:\/\/public.kantarpolska.com\/archiwumraportow\/2004\/11\/07\/wskaznik-nastrojow-ekonomicznych-polacy-o-kondycji-ekonomicznej-kraju-i-wlasnej-sytuacji-materialnej-w-polowie-czwartego-kwartalu-2004-r\/","title":{"rendered":"Wska\u017anik Nastroj\u00f3w Ekonomicznych &#8211; Polacy o kondycji ekonomicznej kraju i w\u0142asnej sytuacji materialnej w po\u0142owie czwartego kwarta\u0142u 2004 r."},"content":{"rendered":"<p>Prezentowane w tym komunikacie badanie Wska\u017anika Nastroj\u00f3w Ekonomicznych jest badaniem jubileuszowym &#8211; od czasu, pierwszego pomiaru nastroj\u00f3w ekonomicznych ludzi min\u0119\u0142o r\u00f3wno dziesi\u0119\u0107 lat &#8211; mia\u0142o to<!--more--> miejsce w listopadzie 1994 r. WNE konstruowany jest on na podstawie dziewi\u0119ciu pyta\u0144: odnosz\u0105cych si\u0119 zar\u00f3wno do sytuacji makroekonomicznej &#8211; kraju, jak i mikroekonomicznej &#8211; gospodarstw domowych. Pytania stanowi\u0105ce baz\u0119 dla tworzenia tego wska\u017anika diagnozuj\u0105 aktualn\u0105 odczuwan\u0105 sytuacj\u0119, oceniaj\u0105 kierunek dotychczasowych zmian oraz obejmuj\u0105 prognozy w perspektywie rocznej oraz trzyletniej. rnCharakter zadawanych pyta\u0144 pozwala na wyodr\u0119bnienie ze Wska\u017anika Nastroj\u00f3w Ekonomicznych dw\u00f3ch podwska\u017anik\u00f3w: Wska\u017anika Ocen Gospodarki (WOG) oraz Wska\u017anika Samooceny Gospodarstw Domowych (WSGD), umo\u017cliwiaj\u0105cych \u0142atw\u0105 i szybk\u0105 weryfikacj\u0119 wp\u0142ywu spraw mikro- oraz makrogospodarczych na poziom og\u00f3lnych nastroj\u00f3w ekonomicznych panuj\u0105cych w spo\u0142ecze\u0144stwie aktualnie oraz w latach poprzednich.<\/p>\n<div class=\"infopay\">Raport udost\u0119pniany jest bezp\u0142atnie, w us\u0142udze &#8222;udost\u0119pnij aby pobra\u0107&#8221;.<br \/>\n          <b>Na czym to polega?<\/b> Raport b\u0119dzie dost\u0119pny do pobrania w pdf po udost\u0119pnieniu wpisu z linkiem do Archiwum Raport\u00f3w TNS Polska na wybranym serwisie spo\u0142eczno\u015bciowym: Facebooku lub Twitterze.\n          <\/div>\n","protected":false},"excerpt":{"rendered":"<p>Prezentowane w tym komunikacie badanie Wska\u017anika Nastroj\u00f3w Ekonomicznych jest badaniem jubileuszowym &#8211; od czasu, pierwszego pomiaru nastroj\u00f3w ekonomicznych ludzi min\u0119\u0142o r\u00f3wno dziesi\u0119\u0107 lat &#8211; mia\u0142o to<\/p>\n","protected":false},"author":1,"featured_media":0,"comment_status":"closed","ping_status":"closed","sticky":false,"template":"","format":"standard","meta":{"ngg_post_thumbnail":0},"categories":[1],"tags":[],"_links":{"self":[{"href":"https:\/\/public.kantarpolska.com\/archiwumraportow\/wp-json\/wp\/v2\/posts\/4370"}],"collection":[{"href":"https:\/\/public.kantarpolska.com\/archiwumraportow\/wp-json\/wp\/v2\/posts"}],"about":[{"href":"https:\/\/public.kantarpolska.com\/archiwumraportow\/wp-json\/wp\/v2\/types\/post"}],"author":[{"embeddable":true,"href":"https:\/\/public.kantarpolska.com\/archiwumraportow\/wp-json\/wp\/v2\/users\/1"}],"replies":[{"embeddable":true,"href":"https:\/\/public.kantarpolska.com\/archiwumraportow\/wp-json\/wp\/v2\/comments?post=4370"}],"version-history":[{"count":0,"href":"https:\/\/public.kantarpolska.com\/archiwumraportow\/wp-json\/wp\/v2\/posts\/4370\/revisions"}],"wp:attachment":[{"href":"https:\/\/public.kantarpolska.com\/archiwumraportow\/wp-json\/wp\/v2\/media?parent=4370"}],"wp:term":[{"taxonomy":"category","embeddable":true,"href":"https:\/\/public.kantarpolska.com\/archiwumraportow\/wp-json\/wp\/v2\/categories?post=4370"},{"taxonomy":"post_tag","embeddable":true,"href":"https:\/\/public.kantarpolska.com\/archiwumraportow\/wp-json\/wp\/v2\/tags?post=4370"}],"curies":[{"name":"wp","href":"https:\/\/api.w.org\/{rel}","templated":true}]}}