
{"id":4368,"date":"2005-01-10T00:00:00","date_gmt":"2005-01-10T00:00:00","guid":{"rendered":"https:\/\/www.tnsglobal.pl\/archiwumraportow\/2005\/01\/10\/konzentrationslager-auschwitz-60-lat-pozniej\/"},"modified":"2005-01-10T00:00:00","modified_gmt":"2005-01-10T00:00:00","slug":"konzentrationslager-auschwitz-60-lat-pozniej","status":"publish","type":"post","link":"https:\/\/public.kantarpolska.com\/archiwumraportow\/2005\/01\/10\/konzentrationslager-auschwitz-60-lat-pozniej\/","title":{"rendered":"Konzentrationslager Auschwitz 60 lat p\u00f3\u017aniej"},"content":{"rendered":"<p>O\u015bwi\u0119cim &#8211; utworzenie tam hitlerowskiego obozu koncentracyjnego i obozu zag\u0142ady oraz ludob\u00f3jstwo pope\u0142nione w nim na \u017bydach i ludziach innych narod\u00f3w jest jednym z najwa\u017cniejszych wydarze\u0144<!--more--> XX wieku. Zajmuje ono te\u017c wa\u017cne miejsce w \u015bwiadomo\u015bci spo\u0142ecznej. Komunikat zawiera podsumowanie wynik\u00f3w sonda\u017cu TNS OBOP z 6-10 stycznia 2005 r., przeprowadzonego w przeddzie\u0144 wielkich obchod\u00f3w 60-lecia wyzwolenia obozu przez Armi\u0119 Czerwon\u0105, kt\u00f3ry skupi\u0142 si\u0119 na kwestii &#8222;czym jest O\u015bwi\u0119cim&#8221;, nawi\u0105zuj\u0105c do badania OBOP z 1998 r.<\/p>\n<div class=\"infopay\">Raport udost\u0119pniany jest bezp\u0142atnie, w us\u0142udze &#8222;udost\u0119pnij aby pobra\u0107&#8221;.<br \/>\n          <b>Na czym to polega?<\/b> Raport b\u0119dzie dost\u0119pny do pobrania w pdf po udost\u0119pnieniu wpisu z linkiem do Archiwum Raport\u00f3w TNS Polska na wybranym serwisie spo\u0142eczno\u015bciowym: Facebooku lub Twitterze.\n          <\/div>\n","protected":false},"excerpt":{"rendered":"<p>O\u015bwi\u0119cim &#8211; utworzenie tam hitlerowskiego obozu koncentracyjnego i obozu zag\u0142ady oraz ludob\u00f3jstwo pope\u0142nione w nim na \u017bydach i ludziach innych narod\u00f3w jest jednym z najwa\u017cniejszych wydarze\u0144<\/p>\n","protected":false},"author":1,"featured_media":0,"comment_status":"closed","ping_status":"closed","sticky":false,"template":"","format":"standard","meta":{"ngg_post_thumbnail":0},"categories":[1],"tags":[],"_links":{"self":[{"href":"https:\/\/public.kantarpolska.com\/archiwumraportow\/wp-json\/wp\/v2\/posts\/4368"}],"collection":[{"href":"https:\/\/public.kantarpolska.com\/archiwumraportow\/wp-json\/wp\/v2\/posts"}],"about":[{"href":"https:\/\/public.kantarpolska.com\/archiwumraportow\/wp-json\/wp\/v2\/types\/post"}],"author":[{"embeddable":true,"href":"https:\/\/public.kantarpolska.com\/archiwumraportow\/wp-json\/wp\/v2\/users\/1"}],"replies":[{"embeddable":true,"href":"https:\/\/public.kantarpolska.com\/archiwumraportow\/wp-json\/wp\/v2\/comments?post=4368"}],"version-history":[{"count":0,"href":"https:\/\/public.kantarpolska.com\/archiwumraportow\/wp-json\/wp\/v2\/posts\/4368\/revisions"}],"wp:attachment":[{"href":"https:\/\/public.kantarpolska.com\/archiwumraportow\/wp-json\/wp\/v2\/media?parent=4368"}],"wp:term":[{"taxonomy":"category","embeddable":true,"href":"https:\/\/public.kantarpolska.com\/archiwumraportow\/wp-json\/wp\/v2\/categories?post=4368"},{"taxonomy":"post_tag","embeddable":true,"href":"https:\/\/public.kantarpolska.com\/archiwumraportow\/wp-json\/wp\/v2\/tags?post=4368"}],"curies":[{"name":"wp","href":"https:\/\/api.w.org\/{rel}","templated":true}]}}