
{"id":4361,"date":"2004-11-07T00:00:00","date_gmt":"2004-11-07T00:00:00","guid":{"rendered":"https:\/\/www.tnsglobal.pl\/archiwumraportow\/2004\/11\/07\/opinie-o-czlonkostwie-polski-w-unii-europejskiej-w-pierwszej-polowie-listopada-2004-r\/"},"modified":"2004-11-07T00:00:00","modified_gmt":"2004-11-07T00:00:00","slug":"opinie-o-czlonkostwie-polski-w-unii-europejskiej-w-pierwszej-polowie-listopada-2004-r","status":"publish","type":"post","link":"https:\/\/public.kantarpolska.com\/archiwumraportow\/2004\/11\/07\/opinie-o-czlonkostwie-polski-w-unii-europejskiej-w-pierwszej-polowie-listopada-2004-r\/","title":{"rendered":"Opinie o cz\u0142onkostwie Polski w Unii Europejskiej w pierwszej po\u0142owie listopada 2004 r."},"content":{"rendered":"<p>W komunikacie przedstawiono wyniki zrealizowanego w pierwszej po\u0142owie listopada sonda\u017cu na temat postrzegania cz\u0142onkostwa Polski w Unii Europejskiej. Jak co miesi\u0105c zapytali\u015bmy Polak\u00f3w czy ich zdaniem<!--more--> cz\u0142onkostwo w UE jest czym\u015b dobrym czy z\u0142ym, czy i jaki wp\u0142yw wywar\u0142o na ich \u017cycie, sytuacj\u0119 naszego kraju oraz pozycj\u0119 Polski w \u015bwiecie, a tak\u017ce czy po 1 maja odnotowali zmiany cen wi\u0119kszo\u015bci artyku\u0142\u00f3w codziennego u\u017cytku. Badanie realizowano ponad dwa tygodnie po rozpocz\u0119ciu 18 pa\u017adziernika br. przez Agencj\u0119 Restrukturyzacji i Modernizacji Rolnictwa wyp\u0142at bezpo\u015brednich dop\u0142at dla rolnik\u00f3w. Tydzie\u0144 przed badaniem &#8211; 29 pa\u017adziernika &#8211; w Rzymie podpisana zosta\u0142a Konstytucja Europejska przez g\u0142owy pa\u0144stw lub rz\u0105d\u00f3w 25 Pa\u0144stw Cz\u0142onkowskich.<\/p>\n<div class=\"infopay\">Raport udost\u0119pniany jest bezp\u0142atnie, w us\u0142udze &#8222;udost\u0119pnij aby pobra\u0107&#8221;.<br \/>\n          <b>Na czym to polega?<\/b> Raport b\u0119dzie dost\u0119pny do pobrania w pdf po udost\u0119pnieniu wpisu z linkiem do Archiwum Raport\u00f3w TNS Polska na wybranym serwisie spo\u0142eczno\u015bciowym: Facebooku lub Twitterze.\n          <\/div>\n","protected":false},"excerpt":{"rendered":"<p>W komunikacie przedstawiono wyniki zrealizowanego w pierwszej po\u0142owie listopada sonda\u017cu na temat postrzegania cz\u0142onkostwa Polski w Unii Europejskiej. Jak co miesi\u0105c zapytali\u015bmy Polak\u00f3w czy ich zdaniem<\/p>\n","protected":false},"author":1,"featured_media":0,"comment_status":"closed","ping_status":"closed","sticky":false,"template":"","format":"standard","meta":{"ngg_post_thumbnail":0},"categories":[1],"tags":[],"_links":{"self":[{"href":"https:\/\/public.kantarpolska.com\/archiwumraportow\/wp-json\/wp\/v2\/posts\/4361"}],"collection":[{"href":"https:\/\/public.kantarpolska.com\/archiwumraportow\/wp-json\/wp\/v2\/posts"}],"about":[{"href":"https:\/\/public.kantarpolska.com\/archiwumraportow\/wp-json\/wp\/v2\/types\/post"}],"author":[{"embeddable":true,"href":"https:\/\/public.kantarpolska.com\/archiwumraportow\/wp-json\/wp\/v2\/users\/1"}],"replies":[{"embeddable":true,"href":"https:\/\/public.kantarpolska.com\/archiwumraportow\/wp-json\/wp\/v2\/comments?post=4361"}],"version-history":[{"count":0,"href":"https:\/\/public.kantarpolska.com\/archiwumraportow\/wp-json\/wp\/v2\/posts\/4361\/revisions"}],"wp:attachment":[{"href":"https:\/\/public.kantarpolska.com\/archiwumraportow\/wp-json\/wp\/v2\/media?parent=4361"}],"wp:term":[{"taxonomy":"category","embeddable":true,"href":"https:\/\/public.kantarpolska.com\/archiwumraportow\/wp-json\/wp\/v2\/categories?post=4361"},{"taxonomy":"post_tag","embeddable":true,"href":"https:\/\/public.kantarpolska.com\/archiwumraportow\/wp-json\/wp\/v2\/tags?post=4361"}],"curies":[{"name":"wp","href":"https:\/\/api.w.org\/{rel}","templated":true}]}}