
{"id":4355,"date":"2004-11-07T00:00:00","date_gmt":"2004-11-07T00:00:00","guid":{"rendered":"https:\/\/www.tnsglobal.pl\/archiwumraportow\/2004\/11\/07\/o-odswietnej-pamieci-narodowej\/"},"modified":"2004-11-07T00:00:00","modified_gmt":"2004-11-07T00:00:00","slug":"o-odswietnej-pamieci-narodowej","status":"publish","type":"post","link":"https:\/\/public.kantarpolska.com\/archiwumraportow\/2004\/11\/07\/o-odswietnej-pamieci-narodowej\/","title":{"rendered":"O od\u015bwi\u0119tnej pami\u0119ci narodowej"},"content":{"rendered":"<p>Listopad jest miesi\u0105cem pami\u0119ci narodowej. Najpierw obchody \u015awi\u0119ta Zmar\u0142ych s\u0105 okazj\u0105 do przypomnienia zar\u00f3wno wybitnych Polak\u00f3w, jak i bezimiennych \u017co\u0142nierzy. Nast\u0119pnie, \u015awi\u0119to Niepodleg\u0142o\u015bci przypomina o trudnej drodze do niepodleg\u0142o\u015bci,<!--more--> o bohaterach i ofiarach walk narodowych. Manifestacja pami\u0119ci narodowej i uczu\u0107 patriotycznych dokonuje si\u0119 przede wszystkim w przestrzeni publicznej. Sonda\u017c TNS OBOP, zrealizowany na pocz\u0105tku listopada, w okresie mi\u0119dzy \u015awi\u0119tem Zmar\u0142ych a \u015awi\u0119tem Niepodleg\u0142o\u015bci pokazuje, co dzieje si\u0119 w przestrzeni prywatnej. Komunikat zawiera wyniki tego sonda\u017cu.<\/p>\n<div class=\"infopay\">Raport udost\u0119pniany jest bezp\u0142atnie, w us\u0142udze &#8222;udost\u0119pnij aby pobra\u0107&#8221;.<br \/>\n          <b>Na czym to polega?<\/b> Raport b\u0119dzie dost\u0119pny do pobrania w pdf po udost\u0119pnieniu wpisu z linkiem do Archiwum Raport\u00f3w TNS Polska na wybranym serwisie spo\u0142eczno\u015bciowym: Facebooku lub Twitterze.\n          <\/div>\n","protected":false},"excerpt":{"rendered":"<p>Listopad jest miesi\u0105cem pami\u0119ci narodowej. Najpierw obchody \u015awi\u0119ta Zmar\u0142ych s\u0105 okazj\u0105 do przypomnienia zar\u00f3wno wybitnych Polak\u00f3w, jak i bezimiennych \u017co\u0142nierzy. Nast\u0119pnie, \u015awi\u0119to Niepodleg\u0142o\u015bci przypomina o trudnej drodze do niepodleg\u0142o\u015bci,<\/p>\n","protected":false},"author":1,"featured_media":0,"comment_status":"closed","ping_status":"closed","sticky":false,"template":"","format":"standard","meta":{"ngg_post_thumbnail":0},"categories":[1],"tags":[],"_links":{"self":[{"href":"https:\/\/public.kantarpolska.com\/archiwumraportow\/wp-json\/wp\/v2\/posts\/4355"}],"collection":[{"href":"https:\/\/public.kantarpolska.com\/archiwumraportow\/wp-json\/wp\/v2\/posts"}],"about":[{"href":"https:\/\/public.kantarpolska.com\/archiwumraportow\/wp-json\/wp\/v2\/types\/post"}],"author":[{"embeddable":true,"href":"https:\/\/public.kantarpolska.com\/archiwumraportow\/wp-json\/wp\/v2\/users\/1"}],"replies":[{"embeddable":true,"href":"https:\/\/public.kantarpolska.com\/archiwumraportow\/wp-json\/wp\/v2\/comments?post=4355"}],"version-history":[{"count":0,"href":"https:\/\/public.kantarpolska.com\/archiwumraportow\/wp-json\/wp\/v2\/posts\/4355\/revisions"}],"wp:attachment":[{"href":"https:\/\/public.kantarpolska.com\/archiwumraportow\/wp-json\/wp\/v2\/media?parent=4355"}],"wp:term":[{"taxonomy":"category","embeddable":true,"href":"https:\/\/public.kantarpolska.com\/archiwumraportow\/wp-json\/wp\/v2\/categories?post=4355"},{"taxonomy":"post_tag","embeddable":true,"href":"https:\/\/public.kantarpolska.com\/archiwumraportow\/wp-json\/wp\/v2\/tags?post=4355"}],"curies":[{"name":"wp","href":"https:\/\/api.w.org\/{rel}","templated":true}]}}