
{"id":435,"date":"2001-07-09T00:00:00","date_gmt":"2001-07-09T00:00:00","guid":{"rendered":"https:\/\/www.tnsglobal.pl\/archiwumraportow\/2001\/07\/09\/polacy-o-uchodzcach-przed-i-po-dniu-uchodzcy\/"},"modified":"2001-07-09T00:00:00","modified_gmt":"2001-07-09T00:00:00","slug":"polacy-o-uchodzcach-przed-i-po-dniu-uchodzcy","status":"publish","type":"post","link":"https:\/\/public.kantarpolska.com\/archiwumraportow\/2001\/07\/09\/polacy-o-uchodzcach-przed-i-po-dniu-uchodzcy\/","title":{"rendered":"Polacy o uchod\u017acach &#8211; przed i po Dniu Uchod\u017acy"},"content":{"rendered":"<p>Tegoroczne obchody Dnia Uchod\u017acy w Polsce odby\u0142y si\u0119 w drugiej po\u0142owie czerwca, a nie &#8211; jak w poprzednich latach &#8211; jesieni\u0105. Oko\u0142o dw\u00f3ch tygodni przed tymi uroczysto\u015bciami<!--more--> oraz po ich zako\u0144czeniu na zlecenie polskiego przedstawicielstwa Wysokiego Komisarza ONZ do Spraw Uchod\u017ac\u00f3w, TNS OBOP przeprowadzi\u0142 sonda\u017c dotycz\u0105cy stosunku Polak\u00f3w do uchod\u017ac\u00f3w. Pytania dotyczy\u0142y poinformowania o Dniu Uchod\u017acy, rozumienia poj\u0119cia uchod\u017aca, preferowanego sposobu post\u0119powania i form pomocy, kt\u00f3rej nasze pa\u0144stwo mog\u0142oby udzieli\u0107 tym ludziom oraz \u015bwiadomo\u015bci istnienia Wysokiego Komisarza ONZ do Spraw Uchod\u017ac\u00f3w. Wyniki zestawiono nie tylko z danymi z bada\u0144 z poprzednich lat, ale r\u00f3wnie\u017c z rezultatami pomiaru przeprowadzonego w tym roku przez obchodami Dnia Uchod\u017acy.<\/p>\n<div class=\"infopay\">Raport udost\u0119pniany jest bezp\u0142atnie, w us\u0142udze &#8222;udost\u0119pnij aby pobra\u0107&#8221;.<br \/>\n          <b>Na czym to polega?<\/b> Raport b\u0119dzie dost\u0119pny do pobrania w pdf po udost\u0119pnieniu wpisu z linkiem do Archiwum Raport\u00f3w TNS Polska na wybranym serwisie spo\u0142eczno\u015bciowym: Facebooku lub Twitterze.\n          <\/div>\n","protected":false},"excerpt":{"rendered":"<p>Tegoroczne obchody Dnia Uchod\u017acy w Polsce odby\u0142y si\u0119 w drugiej po\u0142owie czerwca, a nie &#8211; jak w poprzednich latach &#8211; jesieni\u0105. Oko\u0142o dw\u00f3ch tygodni przed tymi uroczysto\u015bciami<\/p>\n","protected":false},"author":1,"featured_media":0,"comment_status":"closed","ping_status":"closed","sticky":false,"template":"","format":"standard","meta":{"ngg_post_thumbnail":0},"categories":[1],"tags":[],"_links":{"self":[{"href":"https:\/\/public.kantarpolska.com\/archiwumraportow\/wp-json\/wp\/v2\/posts\/435"}],"collection":[{"href":"https:\/\/public.kantarpolska.com\/archiwumraportow\/wp-json\/wp\/v2\/posts"}],"about":[{"href":"https:\/\/public.kantarpolska.com\/archiwumraportow\/wp-json\/wp\/v2\/types\/post"}],"author":[{"embeddable":true,"href":"https:\/\/public.kantarpolska.com\/archiwumraportow\/wp-json\/wp\/v2\/users\/1"}],"replies":[{"embeddable":true,"href":"https:\/\/public.kantarpolska.com\/archiwumraportow\/wp-json\/wp\/v2\/comments?post=435"}],"version-history":[{"count":0,"href":"https:\/\/public.kantarpolska.com\/archiwumraportow\/wp-json\/wp\/v2\/posts\/435\/revisions"}],"wp:attachment":[{"href":"https:\/\/public.kantarpolska.com\/archiwumraportow\/wp-json\/wp\/v2\/media?parent=435"}],"wp:term":[{"taxonomy":"category","embeddable":true,"href":"https:\/\/public.kantarpolska.com\/archiwumraportow\/wp-json\/wp\/v2\/categories?post=435"},{"taxonomy":"post_tag","embeddable":true,"href":"https:\/\/public.kantarpolska.com\/archiwumraportow\/wp-json\/wp\/v2\/tags?post=435"}],"curies":[{"name":"wp","href":"https:\/\/api.w.org\/{rel}","templated":true}]}}