
{"id":4337,"date":"2004-09-05T00:00:00","date_gmt":"2004-09-05T00:00:00","guid":{"rendered":"https:\/\/www.tnsglobal.pl\/archiwumraportow\/2004\/09\/05\/efekty-wojny-w-iraku\/"},"modified":"2004-09-05T00:00:00","modified_gmt":"2004-09-05T00:00:00","slug":"efekty-wojny-w-iraku","status":"publish","type":"post","link":"https:\/\/public.kantarpolska.com\/archiwumraportow\/2004\/09\/05\/efekty-wojny-w-iraku\/","title":{"rendered":"Efekty wojny w Iraku"},"content":{"rendered":"<p>Wojna w dalekim Iraku anga\u017cuje polsk\u0105 opini\u0119 publiczn\u0105. Powodem jest udzia\u0142 polskiego wojska najpierw w kr\u00f3tkotrwa\u0142ych regularnych dzia\u0142aniach wojennych, a potem w przed\u0142u\u017caj\u0105cych si\u0119 &#8222;dzia\u0142aniach stabilizacyjnych&#8221; czyli w<!--more--> zbrojnym utrzymaniu porz\u0105dku w Iraku. Opini\u0119 publiczn\u0105 poruszaj\u0105 tak\u017ce komplikacje w mi\u0119dzynarodowej pozycji Polski, zwi\u0105zane z bezwarunkowym poparciem udzielonym Stanom Zjednoczonym w kwestii Iraku, w sytuacji, gdy wielkie kraje kontynentalnej Europy odm\u00f3wi\u0142y Ameryce tego poparcia.rnStosunek do udzia\u0142u Polski w wojnie w Iraku TNS OBOP bada\u0142 na pocz\u0105tku kwietnia 2003 r., w dwa tygodnie po wybuchu wojny (20.03.2003) oraz na pocz\u0105tku czerwca 2003 r., nied\u0142ugo po zako\u0144czeniu regularnej fazy wojny. Sonda\u017c obecny, przeprowadzony w dniach 2-5 wrze\u015bnia 2004 r. pokazuje stan opinii w p\u00f3\u0142tora roku od wybuchu tej wojny.<\/p>\n<div class=\"infopay\">Raport udost\u0119pniany jest bezp\u0142atnie, w us\u0142udze &#8222;udost\u0119pnij aby pobra\u0107&#8221;.<br \/>\n          <b>Na czym to polega?<\/b> Raport b\u0119dzie dost\u0119pny do pobrania w pdf po udost\u0119pnieniu wpisu z linkiem do Archiwum Raport\u00f3w TNS Polska na wybranym serwisie spo\u0142eczno\u015bciowym: Facebooku lub Twitterze.\n          <\/div>\n","protected":false},"excerpt":{"rendered":"<p>Wojna w dalekim Iraku anga\u017cuje polsk\u0105 opini\u0119 publiczn\u0105. Powodem jest udzia\u0142 polskiego wojska najpierw w kr\u00f3tkotrwa\u0142ych regularnych dzia\u0142aniach wojennych, a potem w przed\u0142u\u017caj\u0105cych si\u0119 &#8222;dzia\u0142aniach stabilizacyjnych&#8221; czyli w<\/p>\n","protected":false},"author":1,"featured_media":0,"comment_status":"closed","ping_status":"closed","sticky":false,"template":"","format":"standard","meta":{"ngg_post_thumbnail":0},"categories":[1],"tags":[],"_links":{"self":[{"href":"https:\/\/public.kantarpolska.com\/archiwumraportow\/wp-json\/wp\/v2\/posts\/4337"}],"collection":[{"href":"https:\/\/public.kantarpolska.com\/archiwumraportow\/wp-json\/wp\/v2\/posts"}],"about":[{"href":"https:\/\/public.kantarpolska.com\/archiwumraportow\/wp-json\/wp\/v2\/types\/post"}],"author":[{"embeddable":true,"href":"https:\/\/public.kantarpolska.com\/archiwumraportow\/wp-json\/wp\/v2\/users\/1"}],"replies":[{"embeddable":true,"href":"https:\/\/public.kantarpolska.com\/archiwumraportow\/wp-json\/wp\/v2\/comments?post=4337"}],"version-history":[{"count":0,"href":"https:\/\/public.kantarpolska.com\/archiwumraportow\/wp-json\/wp\/v2\/posts\/4337\/revisions"}],"wp:attachment":[{"href":"https:\/\/public.kantarpolska.com\/archiwumraportow\/wp-json\/wp\/v2\/media?parent=4337"}],"wp:term":[{"taxonomy":"category","embeddable":true,"href":"https:\/\/public.kantarpolska.com\/archiwumraportow\/wp-json\/wp\/v2\/categories?post=4337"},{"taxonomy":"post_tag","embeddable":true,"href":"https:\/\/public.kantarpolska.com\/archiwumraportow\/wp-json\/wp\/v2\/tags?post=4337"}],"curies":[{"name":"wp","href":"https:\/\/api.w.org\/{rel}","templated":true}]}}