
{"id":4335,"date":"2004-09-05T00:00:00","date_gmt":"2004-09-05T00:00:00","guid":{"rendered":"https:\/\/www.tnsglobal.pl\/archiwumraportow\/2004\/09\/05\/czy-chcemy-kupowac-w-niedziele\/"},"modified":"2004-09-05T00:00:00","modified_gmt":"2004-09-05T00:00:00","slug":"czy-chcemy-kupowac-w-niedziele","status":"publish","type":"post","link":"https:\/\/public.kantarpolska.com\/archiwumraportow\/2004\/09\/05\/czy-chcemy-kupowac-w-niedziele\/","title":{"rendered":"Czy chcemy kupowa\u0107 w niedziele?"},"content":{"rendered":"<p>W ostatnich miesi\u0105cach rozpocz\u0119\u0142a si\u0119 w Polsce dyskusja na temat zakazu handlu w niedziele i \u015bwi\u0119ta. Niekt\u00f3re miasta ju\u017c wprowadzi\u0142y takie ograniczenia. W zwi\u0105zku z tym na<!--more--> pocz\u0105tku wrze\u015bnia br. TNS OBOP zapyta\u0142 Polak\u00f3w, jaki oni &#8211; a nie politycy &#8211; maj\u0105 stosunek do handlu w niedziele i \u015bwi\u0119ta. Z opracowania mo\u017cna dowiedzie\u0107 si\u0119 gdzie najcz\u0119\u015bciej dokonujemy codziennych zakup\u00f3w, czy zdarza nam si\u0119 kupowa\u0107 w niedziel\u0119 oraz czy jeste\u015bmy za wprowadzeniem ogranicze\u0144 w handlu w niedziele i \u015bwi\u0119ta.<\/p>\n<div class=\"infopay\">Raport udost\u0119pniany jest bezp\u0142atnie, w us\u0142udze &#8222;udost\u0119pnij aby pobra\u0107&#8221;.<br \/>\n          <b>Na czym to polega?<\/b> Raport b\u0119dzie dost\u0119pny do pobrania w pdf po udost\u0119pnieniu wpisu z linkiem do Archiwum Raport\u00f3w TNS Polska na wybranym serwisie spo\u0142eczno\u015bciowym: Facebooku lub Twitterze.\n          <\/div>\n","protected":false},"excerpt":{"rendered":"<p>W ostatnich miesi\u0105cach rozpocz\u0119\u0142a si\u0119 w Polsce dyskusja na temat zakazu handlu w niedziele i \u015bwi\u0119ta. Niekt\u00f3re miasta ju\u017c wprowadzi\u0142y takie ograniczenia. W zwi\u0105zku z tym na<\/p>\n","protected":false},"author":1,"featured_media":0,"comment_status":"closed","ping_status":"closed","sticky":false,"template":"","format":"standard","meta":{"ngg_post_thumbnail":0},"categories":[1],"tags":[],"_links":{"self":[{"href":"https:\/\/public.kantarpolska.com\/archiwumraportow\/wp-json\/wp\/v2\/posts\/4335"}],"collection":[{"href":"https:\/\/public.kantarpolska.com\/archiwumraportow\/wp-json\/wp\/v2\/posts"}],"about":[{"href":"https:\/\/public.kantarpolska.com\/archiwumraportow\/wp-json\/wp\/v2\/types\/post"}],"author":[{"embeddable":true,"href":"https:\/\/public.kantarpolska.com\/archiwumraportow\/wp-json\/wp\/v2\/users\/1"}],"replies":[{"embeddable":true,"href":"https:\/\/public.kantarpolska.com\/archiwumraportow\/wp-json\/wp\/v2\/comments?post=4335"}],"version-history":[{"count":1,"href":"https:\/\/public.kantarpolska.com\/archiwumraportow\/wp-json\/wp\/v2\/posts\/4335\/revisions"}],"predecessor-version":[{"id":5723,"href":"https:\/\/public.kantarpolska.com\/archiwumraportow\/wp-json\/wp\/v2\/posts\/4335\/revisions\/5723"}],"wp:attachment":[{"href":"https:\/\/public.kantarpolska.com\/archiwumraportow\/wp-json\/wp\/v2\/media?parent=4335"}],"wp:term":[{"taxonomy":"category","embeddable":true,"href":"https:\/\/public.kantarpolska.com\/archiwumraportow\/wp-json\/wp\/v2\/categories?post=4335"},{"taxonomy":"post_tag","embeddable":true,"href":"https:\/\/public.kantarpolska.com\/archiwumraportow\/wp-json\/wp\/v2\/tags?post=4335"}],"curies":[{"name":"wp","href":"https:\/\/api.w.org\/{rel}","templated":true}]}}