
{"id":4334,"date":"2004-09-05T00:00:00","date_gmt":"2004-09-05T00:00:00","guid":{"rendered":"https:\/\/www.tnsglobal.pl\/archiwumraportow\/2004\/09\/05\/przed-zblizajacym-sie-trzecim-glosowaniem-nad-rzadem-belki\/"},"modified":"2004-09-05T00:00:00","modified_gmt":"2004-09-05T00:00:00","slug":"przed-zblizajacym-sie-trzecim-glosowaniem-nad-rzadem-belki","status":"publish","type":"post","link":"https:\/\/public.kantarpolska.com\/archiwumraportow\/2004\/09\/05\/przed-zblizajacym-sie-trzecim-glosowaniem-nad-rzadem-belki\/","title":{"rendered":"Przed zbli\u017caj\u0105cym si\u0119 trzecim g\u0142osowaniem nad rz\u0105dem Belki"},"content":{"rendered":"<p>11 czerwca 2004 roku Prezydent RP ponownie powo\u0142a\u0142 rz\u0105d Marka Belki. Przed g\u0142osowaniem nad wotum zaufania (odby\u0142o si\u0119 ono 24 czerwca) premier Belka zapowiedzia\u0142, \u017ce w pa\u017adzierniku<!--more--> ponownie podda ocenie sw\u00f3j rz\u0105d i zwr\u00f3ci si\u0119 do Sejmu z wnioskiem o udzielenie mu zaufania. W dniach 3-6 czerwca OBOP, zak\u0142adaj\u0105c, \u017ce prezydent ponownie powo\u0142a Marka Belk\u0105 na stanowisko premiera, zapyta\u0142 pr\u00f3b\u0119 Polak\u00f3w, co wtedy powinien zrobi\u0107 Sejm &#8211; powinien czy nie powinien &#8222;zatwierdzi\u0107&#8221; ten rz\u0105d. Po\u0142owa badanych (50%) uwa\u017ca\u0142a w\u00f3wczas, \u017ce Sejm rz\u0105du Marka Belki zatwierdza\u0107 nie powinien, a znacznie mniej (29%) uwa\u017ca\u0142a, \u017ce powinien to zrobi\u0107. Sejm zatwierdzi\u0142 jednak rz\u0105d Belki, a znaczny wp\u0142yw na t\u0119 decyzj\u0119 mia\u0142a, przewidziana przez Konstytucj\u0119, nieuchronna perspektywa natychmiastowego rozwi\u0105zania Sejmu i szybkich nowych wybor\u00f3w. rnWynik g\u0142osowania nad wnioskiem Belki o wotum zaufania do jego rz\u0105du b\u0119dzie zale\u017ca\u0142 i tym razem nie tylko od oceny paru miesi\u0119cy pracy tego rz\u0105du, ale i od politycznych i \u017cyciowych kalkulacji pos\u0142\u00f3w. Przeprowadzony w dniach 2-5 wrze\u015bnia 2004 roku sonda\u017c TNS OBOP pokazuje, jak rz\u0105d Belki i samego premiera ocenia spo\u0142ecze\u0144stwo, i czego mu \u017cyczy.<\/p>\n<div class=\"infopay\">Raport udost\u0119pniany jest bezp\u0142atnie, w us\u0142udze &#8222;udost\u0119pnij aby pobra\u0107&#8221;.<br \/>\n          <b>Na czym to polega?<\/b> Raport b\u0119dzie dost\u0119pny do pobrania w pdf po udost\u0119pnieniu wpisu z linkiem do Archiwum Raport\u00f3w TNS Polska na wybranym serwisie spo\u0142eczno\u015bciowym: Facebooku lub Twitterze.\n          <\/div>\n","protected":false},"excerpt":{"rendered":"<p>11 czerwca 2004 roku Prezydent RP ponownie powo\u0142a\u0142 rz\u0105d Marka Belki. Przed g\u0142osowaniem nad wotum zaufania (odby\u0142o si\u0119 ono 24 czerwca) premier Belka zapowiedzia\u0142, \u017ce w pa\u017adzierniku<\/p>\n","protected":false},"author":1,"featured_media":0,"comment_status":"closed","ping_status":"closed","sticky":false,"template":"","format":"standard","meta":{"ngg_post_thumbnail":0},"categories":[1],"tags":[],"_links":{"self":[{"href":"https:\/\/public.kantarpolska.com\/archiwumraportow\/wp-json\/wp\/v2\/posts\/4334"}],"collection":[{"href":"https:\/\/public.kantarpolska.com\/archiwumraportow\/wp-json\/wp\/v2\/posts"}],"about":[{"href":"https:\/\/public.kantarpolska.com\/archiwumraportow\/wp-json\/wp\/v2\/types\/post"}],"author":[{"embeddable":true,"href":"https:\/\/public.kantarpolska.com\/archiwumraportow\/wp-json\/wp\/v2\/users\/1"}],"replies":[{"embeddable":true,"href":"https:\/\/public.kantarpolska.com\/archiwumraportow\/wp-json\/wp\/v2\/comments?post=4334"}],"version-history":[{"count":0,"href":"https:\/\/public.kantarpolska.com\/archiwumraportow\/wp-json\/wp\/v2\/posts\/4334\/revisions"}],"wp:attachment":[{"href":"https:\/\/public.kantarpolska.com\/archiwumraportow\/wp-json\/wp\/v2\/media?parent=4334"}],"wp:term":[{"taxonomy":"category","embeddable":true,"href":"https:\/\/public.kantarpolska.com\/archiwumraportow\/wp-json\/wp\/v2\/categories?post=4334"},{"taxonomy":"post_tag","embeddable":true,"href":"https:\/\/public.kantarpolska.com\/archiwumraportow\/wp-json\/wp\/v2\/tags?post=4334"}],"curies":[{"name":"wp","href":"https:\/\/api.w.org\/{rel}","templated":true}]}}