
{"id":4323,"date":"2004-07-04T00:00:00","date_gmt":"2004-07-04T00:00:00","guid":{"rendered":"https:\/\/www.tnsglobal.pl\/archiwumraportow\/2004\/07\/04\/spoleczne-oceny-rzadu-premiera-i-prezydenta-lipiec-2004\/"},"modified":"2004-07-04T00:00:00","modified_gmt":"2004-07-04T00:00:00","slug":"spoleczne-oceny-rzadu-premiera-i-prezydenta-lipiec-2004","status":"publish","type":"post","link":"https:\/\/public.kantarpolska.com\/archiwumraportow\/2004\/07\/04\/spoleczne-oceny-rzadu-premiera-i-prezydenta-lipiec-2004\/","title":{"rendered":"Spo\u0142eczne oceny rz\u0105du, premiera i prezydenta &#8211; lipiec 2004"},"content":{"rendered":"<p>W lipcu 2004 r. TNS OBOP przeprowadzi\u0142 kolejny sonda\u017c na temat spo\u0142ecznego postrzegania dzia\u0142alno\u015bci obecnego rz\u0105du, premiera i prezydenta. Respondent\u00f3w zapytano jak oceniaj\u0105 wype\u0142nianie obowi\u0105zk\u00f3w premiera przez Marka Belk\u0119,<!--more--> dzia\u0142alno\u015b\u0107 kierowanego przez niego rz\u0105du, a tak\u017ce wype\u0142nianie obowi\u0105zk\u00f3w prezydenta przez Aleksandra Kwa\u015bniewskiego. Poni\u017csze opracowanie przedstawia wyniki pomiaru pozytywnych i negatywnych ocen premiera, rz\u0105du oraz prezydenta. Oceny prezydenta, premiera i rz\u0105du odniesione zosta\u0142y do ich poprzednich notowa\u0144. Oceny Marka Belki i jego gabinetu por\u00f3wnane s\u0105 dodatkowo z ocenami rz\u0105du Leszka Millera.<\/p>\n<div class=\"infopay\">Raport udost\u0119pniany jest bezp\u0142atnie, w us\u0142udze &#8222;udost\u0119pnij aby pobra\u0107&#8221;.<br \/>\n          <b>Na czym to polega?<\/b> Raport b\u0119dzie dost\u0119pny do pobrania w pdf po udost\u0119pnieniu wpisu z linkiem do Archiwum Raport\u00f3w TNS Polska na wybranym serwisie spo\u0142eczno\u015bciowym: Facebooku lub Twitterze.\n          <\/div>\n","protected":false},"excerpt":{"rendered":"<p>W lipcu 2004 r. TNS OBOP przeprowadzi\u0142 kolejny sonda\u017c na temat spo\u0142ecznego postrzegania dzia\u0142alno\u015bci obecnego rz\u0105du, premiera i prezydenta. Respondent\u00f3w zapytano jak oceniaj\u0105 wype\u0142nianie obowi\u0105zk\u00f3w premiera przez Marka Belk\u0119,<\/p>\n","protected":false},"author":1,"featured_media":0,"comment_status":"closed","ping_status":"closed","sticky":false,"template":"","format":"standard","meta":{"ngg_post_thumbnail":0},"categories":[1],"tags":[],"_links":{"self":[{"href":"https:\/\/public.kantarpolska.com\/archiwumraportow\/wp-json\/wp\/v2\/posts\/4323"}],"collection":[{"href":"https:\/\/public.kantarpolska.com\/archiwumraportow\/wp-json\/wp\/v2\/posts"}],"about":[{"href":"https:\/\/public.kantarpolska.com\/archiwumraportow\/wp-json\/wp\/v2\/types\/post"}],"author":[{"embeddable":true,"href":"https:\/\/public.kantarpolska.com\/archiwumraportow\/wp-json\/wp\/v2\/users\/1"}],"replies":[{"embeddable":true,"href":"https:\/\/public.kantarpolska.com\/archiwumraportow\/wp-json\/wp\/v2\/comments?post=4323"}],"version-history":[{"count":0,"href":"https:\/\/public.kantarpolska.com\/archiwumraportow\/wp-json\/wp\/v2\/posts\/4323\/revisions"}],"wp:attachment":[{"href":"https:\/\/public.kantarpolska.com\/archiwumraportow\/wp-json\/wp\/v2\/media?parent=4323"}],"wp:term":[{"taxonomy":"category","embeddable":true,"href":"https:\/\/public.kantarpolska.com\/archiwumraportow\/wp-json\/wp\/v2\/categories?post=4323"},{"taxonomy":"post_tag","embeddable":true,"href":"https:\/\/public.kantarpolska.com\/archiwumraportow\/wp-json\/wp\/v2\/tags?post=4323"}],"curies":[{"name":"wp","href":"https:\/\/api.w.org\/{rel}","templated":true}]}}