
{"id":4317,"date":"2004-06-20T00:00:00","date_gmt":"2004-06-20T00:00:00","guid":{"rendered":"https:\/\/www.tnsglobal.pl\/archiwumraportow\/2004\/06\/20\/preferencje-partyjne-polakow-po-wyborach-do-parlamentu-europejskiego\/"},"modified":"2004-06-20T00:00:00","modified_gmt":"2004-06-20T00:00:00","slug":"preferencje-partyjne-polakow-po-wyborach-do-parlamentu-europejskiego","status":"publish","type":"post","link":"https:\/\/public.kantarpolska.com\/archiwumraportow\/2004\/06\/20\/preferencje-partyjne-polakow-po-wyborach-do-parlamentu-europejskiego\/","title":{"rendered":"Preferencje partyjne Polak\u00f3w po wyborach do Parlamentu Europejskiego"},"content":{"rendered":"<p>Tydzie\u0144 po wyborach do Parlamentu Europejskiego przeprowadzili\u015bmy badanie, w kt\u00f3rym zapytali\u015bmy Polak\u00f3w o ewentualne wybory do Sejmu RP &#8211; czy, gdyby odbywa\u0142y si\u0119 one w najbli\u017csz\u0105 niedziel\u0119,<!--more--> wzi\u0119liby w nich udzia\u0142, a je\u015bli tak, to jak by g\u0142osowali. Zapytali\u015bmy ponadto potencjalnych wyborc\u00f3w, jak zachowaliby si\u0119, gdyby ich aktualny faworyt w wyborach tych nie startowa\u0142. Pytanie o drug\u0105 preferencj\u0119 mia\u0142o na celu zidentyfikowanie wielko\u015bci potencjalnego szerokiego zaplecza partii. rnW czasie, gdy przeprowadzali\u015bmy badanie znane ju\u017c by\u0142y oficjalne wyniki wybor\u00f3w. \u00d3wczesna atmosfera powyborczych podsumowa\u0144 i liczne komentarze powinny wp\u0142yn\u0105\u0107 na deklaracje wyborc\u00f3w dotycz\u0105ce preferencji w wyborach krajowych (bo jak wynika z naszych przedwyborczych bada\u0144 istnieje r\u00f3\u017cnica w poparciu dla partii w zale\u017cno\u015bci od specyfiki wybor\u00f3w). Ale czy rzeczywi\u015bcie, a je\u015bli tak to w jakim stopniu i jak d\u0142ugo tamte wp\u0142ywy b\u0119d\u0105 oddzia\u0142ywa\u0142y na preferencje ludzi poka\u017cemy w tym i w kolejnych opracowaniach po\u015bwi\u0119conych tej problematyce, pami\u0119taj\u0105c jednocze\u015bnie o znaczeniu bie\u017c\u0105cych wydarze\u0144 na kszta\u0142towanie si\u0119 opinii ludzi.<\/p>\n<div class=\"infopay\">Raport udost\u0119pniany jest bezp\u0142atnie, w us\u0142udze &#8222;udost\u0119pnij aby pobra\u0107&#8221;.<br \/>\n          <b>Na czym to polega?<\/b> Raport b\u0119dzie dost\u0119pny do pobrania w pdf po udost\u0119pnieniu wpisu z linkiem do Archiwum Raport\u00f3w TNS Polska na wybranym serwisie spo\u0142eczno\u015bciowym: Facebooku lub Twitterze.\n          <\/div>\n","protected":false},"excerpt":{"rendered":"<p>Tydzie\u0144 po wyborach do Parlamentu Europejskiego przeprowadzili\u015bmy badanie, w kt\u00f3rym zapytali\u015bmy Polak\u00f3w o ewentualne wybory do Sejmu RP &#8211; czy, gdyby odbywa\u0142y si\u0119 one w najbli\u017csz\u0105 niedziel\u0119,<\/p>\n","protected":false},"author":1,"featured_media":0,"comment_status":"closed","ping_status":"closed","sticky":false,"template":"","format":"standard","meta":{"ngg_post_thumbnail":0},"categories":[1],"tags":[],"_links":{"self":[{"href":"https:\/\/public.kantarpolska.com\/archiwumraportow\/wp-json\/wp\/v2\/posts\/4317"}],"collection":[{"href":"https:\/\/public.kantarpolska.com\/archiwumraportow\/wp-json\/wp\/v2\/posts"}],"about":[{"href":"https:\/\/public.kantarpolska.com\/archiwumraportow\/wp-json\/wp\/v2\/types\/post"}],"author":[{"embeddable":true,"href":"https:\/\/public.kantarpolska.com\/archiwumraportow\/wp-json\/wp\/v2\/users\/1"}],"replies":[{"embeddable":true,"href":"https:\/\/public.kantarpolska.com\/archiwumraportow\/wp-json\/wp\/v2\/comments?post=4317"}],"version-history":[{"count":0,"href":"https:\/\/public.kantarpolska.com\/archiwumraportow\/wp-json\/wp\/v2\/posts\/4317\/revisions"}],"wp:attachment":[{"href":"https:\/\/public.kantarpolska.com\/archiwumraportow\/wp-json\/wp\/v2\/media?parent=4317"}],"wp:term":[{"taxonomy":"category","embeddable":true,"href":"https:\/\/public.kantarpolska.com\/archiwumraportow\/wp-json\/wp\/v2\/categories?post=4317"},{"taxonomy":"post_tag","embeddable":true,"href":"https:\/\/public.kantarpolska.com\/archiwumraportow\/wp-json\/wp\/v2\/tags?post=4317"}],"curies":[{"name":"wp","href":"https:\/\/api.w.org\/{rel}","templated":true}]}}