
{"id":4313,"date":"2004-06-06T00:00:00","date_gmt":"2004-06-06T00:00:00","guid":{"rendered":"https:\/\/www.tnsglobal.pl\/archiwumraportow\/2004\/06\/06\/nowe-wybory-i-nowy-sejm\/"},"modified":"2004-06-06T00:00:00","modified_gmt":"2004-06-06T00:00:00","slug":"nowe-wybory-i-nowy-sejm","status":"publish","type":"post","link":"https:\/\/public.kantarpolska.com\/archiwumraportow\/2004\/06\/06\/nowe-wybory-i-nowy-sejm\/","title":{"rendered":"Nowe wybory i nowy Sejm"},"content":{"rendered":"<p>Pod koniec tego tygodnia Sejm b\u0119dzie ponownie g\u0142osowa\u0142 nad wnioskiem o wotum zaufania dla Marka Belki i jego rz\u0105du. Wynik tego g\u0142osowania jest trudny do przewidzenia.<!--more--> Jedno jest pewne: w razie odrzucenia tego wniosku, Prezydent &#8211; zgodnie z Konstytucj\u0105 &#8211; skr\u00f3ci kadencj\u0119 Sejmu i og\u0142osi nowe wybory. rnWok\u00f3\u0142 terminu wybor\u00f3w toczy si\u0119 gra. Prezydent stoi na stanowisku, \u017ce Konstytucja nakazuje mu og\u0142osi\u0107 wybory niezw\u0142ocznie, \u017ce zatem wybory te b\u0119d\u0105 musia\u0142y odby\u0107 si\u0119 w pierwszym mo\u017cliwym terminie tj. jeszcze w sierpniu. Tego zdania s\u0105 te\u017c partie &#8222;wiejskie&#8221;, dla kt\u00f3rych termin ten jest ca\u0142kiem wygodny, tj. Samoobrona RP i PSL. Platforma Obywatelska, kt\u00f3rej miejscy i inteligenccy wyborcy wyje\u017cd\u017caj\u0105 latem na urlopy, uwa\u017ca ten termin za niewygodny i wola\u0142aby wybory troch\u0119 p\u00f3\u017aniej. SLD najch\u0119tniej rz\u0105dzi\u0142aby do ko\u0144ca kadencji, a je\u015bli my\u015bli o skracaniu kadencji, to co najwy\u017cej do wiosny. W stanowiskach tych jest tyle\u017c szczerej argumentacji, co politycznej kalkulacji. Wygl\u0105da na to, \u017ce nie zostanie zawarty \u017caden kompromis dotycz\u0105cy terminu wybor\u00f3w i \u017ce je\u015bli wniosek o wotum zaufania zosta\u0142by odrzucony, to nowe wybory odb\u0119d\u0105 si\u0119 w sierpniu.rnW sonda\u017cu TNS OBOP przeprowadzonym w dniach 3-6 czerwca 2004 r. zapytano reprezentatywn\u0105 pr\u00f3b\u0119 Polak\u00f3w o preferowany termin nast\u0119pnych wybor\u00f3w oraz o oczekiwania zwi\u0105zane z nast\u0119pnym Sejmem.<\/p>\n<div class=\"infopay\">Raport udost\u0119pniany jest bezp\u0142atnie, w us\u0142udze &#8222;udost\u0119pnij aby pobra\u0107&#8221;.<br \/>\n          <b>Na czym to polega?<\/b> Raport b\u0119dzie dost\u0119pny do pobrania w pdf po udost\u0119pnieniu wpisu z linkiem do Archiwum Raport\u00f3w TNS Polska na wybranym serwisie spo\u0142eczno\u015bciowym: Facebooku lub Twitterze.\n          <\/div>\n","protected":false},"excerpt":{"rendered":"<p>Pod koniec tego tygodnia Sejm b\u0119dzie ponownie g\u0142osowa\u0142 nad wnioskiem o wotum zaufania dla Marka Belki i jego rz\u0105du. Wynik tego g\u0142osowania jest trudny do przewidzenia.<\/p>\n","protected":false},"author":1,"featured_media":0,"comment_status":"closed","ping_status":"closed","sticky":false,"template":"","format":"standard","meta":{"ngg_post_thumbnail":0},"categories":[1],"tags":[],"_links":{"self":[{"href":"https:\/\/public.kantarpolska.com\/archiwumraportow\/wp-json\/wp\/v2\/posts\/4313"}],"collection":[{"href":"https:\/\/public.kantarpolska.com\/archiwumraportow\/wp-json\/wp\/v2\/posts"}],"about":[{"href":"https:\/\/public.kantarpolska.com\/archiwumraportow\/wp-json\/wp\/v2\/types\/post"}],"author":[{"embeddable":true,"href":"https:\/\/public.kantarpolska.com\/archiwumraportow\/wp-json\/wp\/v2\/users\/1"}],"replies":[{"embeddable":true,"href":"https:\/\/public.kantarpolska.com\/archiwumraportow\/wp-json\/wp\/v2\/comments?post=4313"}],"version-history":[{"count":0,"href":"https:\/\/public.kantarpolska.com\/archiwumraportow\/wp-json\/wp\/v2\/posts\/4313\/revisions"}],"wp:attachment":[{"href":"https:\/\/public.kantarpolska.com\/archiwumraportow\/wp-json\/wp\/v2\/media?parent=4313"}],"wp:term":[{"taxonomy":"category","embeddable":true,"href":"https:\/\/public.kantarpolska.com\/archiwumraportow\/wp-json\/wp\/v2\/categories?post=4313"},{"taxonomy":"post_tag","embeddable":true,"href":"https:\/\/public.kantarpolska.com\/archiwumraportow\/wp-json\/wp\/v2\/tags?post=4313"}],"curies":[{"name":"wp","href":"https:\/\/api.w.org\/{rel}","templated":true}]}}