
{"id":4309,"date":"2004-06-06T00:00:00","date_gmt":"2004-06-06T00:00:00","guid":{"rendered":"https:\/\/www.tnsglobal.pl\/archiwumraportow\/2004\/06\/06\/preferencje-partyjne-polakow-w-czerwcu-2004-r\/"},"modified":"2004-06-06T00:00:00","modified_gmt":"2004-06-06T00:00:00","slug":"preferencje-partyjne-polakow-w-czerwcu-2004-r","status":"publish","type":"post","link":"https:\/\/public.kantarpolska.com\/archiwumraportow\/2004\/06\/06\/preferencje-partyjne-polakow-w-czerwcu-2004-r\/","title":{"rendered":"Preferencje partyjne Polak\u00f3w w czerwcu 2004 r."},"content":{"rendered":"<p>W dniach 3-6 czerwca przeprowadzili\u015bmy badanie, w kt\u00f3rym pytali\u015bmy Polak\u00f3w o ich preferencje wyborcze. O preferencjach Polak\u00f3w w wyborach do Parlamentu Europejskiego informowali\u015bmy tu\u017c przed g\u0142osowaniem (w dniu wybor\u00f3w<!--more--> ponadto przekazywali\u015bmy wyniki sonda\u017cu realizowanego 13 czerwca). Teraz przedstawiamy wyniki preferencji w wyborach do Sejmu RP. Trzeba w tym miejscu zaznaczy\u0107, \u017ce informacja o wynikach niedzielnego g\u0142osowania mog\u0142a wp\u0142yn\u0105\u0107 na dotychczasowe preferencje (po wyborach obserwujemy wzrost popularno\u015bci ugrupowa\u0144 wygranych i spadek zainteresowania ugrupowaniami przegranymi &#8211; przy definiowaniu kim s\u0105 &#8222;wygrani&#8221;, a kim &#8222;przegrani&#8221; du\u017cy wp\u0142yw ma spos\u00f3b komentowania ich wynik\u00f3w przez media), dlatego te\u017c analizuj\u0105c te wyniki nale\u017cy bra\u0107 pod uwag\u0119 moment, w kt\u00f3rym zosta\u0142y zrealizowane, jak r\u00f3wnie\u017c specyfik\u0119 wybor\u00f3w krajowych.<\/p>\n<div class=\"infopay\">Raport udost\u0119pniany jest bezp\u0142atnie, w us\u0142udze &#8222;udost\u0119pnij aby pobra\u0107&#8221;.<br \/>\n          <b>Na czym to polega?<\/b> Raport b\u0119dzie dost\u0119pny do pobrania w pdf po udost\u0119pnieniu wpisu z linkiem do Archiwum Raport\u00f3w TNS Polska na wybranym serwisie spo\u0142eczno\u015bciowym: Facebooku lub Twitterze.\n          <\/div>\n","protected":false},"excerpt":{"rendered":"<p>W dniach 3-6 czerwca przeprowadzili\u015bmy badanie, w kt\u00f3rym pytali\u015bmy Polak\u00f3w o ich preferencje wyborcze. O preferencjach Polak\u00f3w w wyborach do Parlamentu Europejskiego informowali\u015bmy tu\u017c przed g\u0142osowaniem (w dniu wybor\u00f3w<\/p>\n","protected":false},"author":1,"featured_media":0,"comment_status":"closed","ping_status":"closed","sticky":false,"template":"","format":"standard","meta":{"ngg_post_thumbnail":0},"categories":[1],"tags":[],"_links":{"self":[{"href":"https:\/\/public.kantarpolska.com\/archiwumraportow\/wp-json\/wp\/v2\/posts\/4309"}],"collection":[{"href":"https:\/\/public.kantarpolska.com\/archiwumraportow\/wp-json\/wp\/v2\/posts"}],"about":[{"href":"https:\/\/public.kantarpolska.com\/archiwumraportow\/wp-json\/wp\/v2\/types\/post"}],"author":[{"embeddable":true,"href":"https:\/\/public.kantarpolska.com\/archiwumraportow\/wp-json\/wp\/v2\/users\/1"}],"replies":[{"embeddable":true,"href":"https:\/\/public.kantarpolska.com\/archiwumraportow\/wp-json\/wp\/v2\/comments?post=4309"}],"version-history":[{"count":0,"href":"https:\/\/public.kantarpolska.com\/archiwumraportow\/wp-json\/wp\/v2\/posts\/4309\/revisions"}],"wp:attachment":[{"href":"https:\/\/public.kantarpolska.com\/archiwumraportow\/wp-json\/wp\/v2\/media?parent=4309"}],"wp:term":[{"taxonomy":"category","embeddable":true,"href":"https:\/\/public.kantarpolska.com\/archiwumraportow\/wp-json\/wp\/v2\/categories?post=4309"},{"taxonomy":"post_tag","embeddable":true,"href":"https:\/\/public.kantarpolska.com\/archiwumraportow\/wp-json\/wp\/v2\/tags?post=4309"}],"curies":[{"name":"wp","href":"https:\/\/api.w.org\/{rel}","templated":true}]}}