
{"id":4306,"date":"2004-05-23T00:00:00","date_gmt":"2004-05-23T00:00:00","guid":{"rendered":"https:\/\/www.tnsglobal.pl\/archiwumraportow\/2004\/05\/23\/spoleczne-oceny-premiera-i-prezydenta-maj-2004\/"},"modified":"2004-05-23T00:00:00","modified_gmt":"2004-05-23T00:00:00","slug":"spoleczne-oceny-premiera-i-prezydenta-maj-2004","status":"publish","type":"post","link":"https:\/\/public.kantarpolska.com\/archiwumraportow\/2004\/05\/23\/spoleczne-oceny-premiera-i-prezydenta-maj-2004\/","title":{"rendered":"Spo\u0142eczne oceny, premiera i prezydenta &#8211; maj 2004"},"content":{"rendered":"<p>W maju 2004 r. TNS OBOP przeprowadzi\u0142 kolejny sonda\u017c na temat spo\u0142ecznego postrzegania dzia\u0142alno\u015bci obecnego rz\u0105du, premiera i prezydenta. Co prawda rz\u0105d premiera Marka Belki nie uzyska\u0142<!--more--> w sejmie poparcia, ale pe\u0142ni on obowi\u0105zki do czasu powo\u0142ania nowego rz\u0105du. Dlatego zapytano respondent\u00f3w jak oceniaj\u0105 wype\u0142nianie obowi\u0105zk\u00f3w premiera przez Marka Belk\u0119 oraz dzia\u0142alno\u015b\u0107 kierowanego przez niego rz\u0105du. Poni\u017csze opracowanie przedstawia wyniki pomiaru pozytywnych i negatywnych ocen premiera, rz\u0105du i prezydenta. Oceny prezydenta odniesione s\u0105 do jego poprzednich notowa\u0144. Oceny Marka Belki i jego rz\u0105du por\u00f3wnane s\u0105 z ocenami rz\u0105du Leszka Millera.<\/p>\n<div class=\"infopay\">Raport udost\u0119pniany jest bezp\u0142atnie, w us\u0142udze &#8222;udost\u0119pnij aby pobra\u0107&#8221;.<br \/>\n          <b>Na czym to polega?<\/b> Raport b\u0119dzie dost\u0119pny do pobrania w pdf po udost\u0119pnieniu wpisu z linkiem do Archiwum Raport\u00f3w TNS Polska na wybranym serwisie spo\u0142eczno\u015bciowym: Facebooku lub Twitterze.\n          <\/div>\n","protected":false},"excerpt":{"rendered":"<p>W maju 2004 r. TNS OBOP przeprowadzi\u0142 kolejny sonda\u017c na temat spo\u0142ecznego postrzegania dzia\u0142alno\u015bci obecnego rz\u0105du, premiera i prezydenta. Co prawda rz\u0105d premiera Marka Belki nie uzyska\u0142<\/p>\n","protected":false},"author":1,"featured_media":0,"comment_status":"closed","ping_status":"closed","sticky":false,"template":"","format":"standard","meta":{"ngg_post_thumbnail":0},"categories":[1],"tags":[],"_links":{"self":[{"href":"https:\/\/public.kantarpolska.com\/archiwumraportow\/wp-json\/wp\/v2\/posts\/4306"}],"collection":[{"href":"https:\/\/public.kantarpolska.com\/archiwumraportow\/wp-json\/wp\/v2\/posts"}],"about":[{"href":"https:\/\/public.kantarpolska.com\/archiwumraportow\/wp-json\/wp\/v2\/types\/post"}],"author":[{"embeddable":true,"href":"https:\/\/public.kantarpolska.com\/archiwumraportow\/wp-json\/wp\/v2\/users\/1"}],"replies":[{"embeddable":true,"href":"https:\/\/public.kantarpolska.com\/archiwumraportow\/wp-json\/wp\/v2\/comments?post=4306"}],"version-history":[{"count":0,"href":"https:\/\/public.kantarpolska.com\/archiwumraportow\/wp-json\/wp\/v2\/posts\/4306\/revisions"}],"wp:attachment":[{"href":"https:\/\/public.kantarpolska.com\/archiwumraportow\/wp-json\/wp\/v2\/media?parent=4306"}],"wp:term":[{"taxonomy":"category","embeddable":true,"href":"https:\/\/public.kantarpolska.com\/archiwumraportow\/wp-json\/wp\/v2\/categories?post=4306"},{"taxonomy":"post_tag","embeddable":true,"href":"https:\/\/public.kantarpolska.com\/archiwumraportow\/wp-json\/wp\/v2\/tags?post=4306"}],"curies":[{"name":"wp","href":"https:\/\/api.w.org\/{rel}","templated":true}]}}