
{"id":4303,"date":"2004-05-09T00:00:00","date_gmt":"2004-05-09T00:00:00","guid":{"rendered":"https:\/\/www.tnsglobal.pl\/archiwumraportow\/2004\/05\/09\/o-polsce-w-europie-i-w-unii-europejskiej\/"},"modified":"2004-05-09T00:00:00","modified_gmt":"2004-05-09T00:00:00","slug":"o-polsce-w-europie-i-w-unii-europejskiej","status":"publish","type":"post","link":"https:\/\/public.kantarpolska.com\/archiwumraportow\/2004\/05\/09\/o-polsce-w-europie-i-w-unii-europejskiej\/","title":{"rendered":"O Polsce w Europie i w Unii Europejskiej"},"content":{"rendered":"<p>1 maja 2004 r. Polska sta\u0142a si\u0119 cz\u0142onkiem Unii Europejskiej. W odbywaj\u0105cych si\u0119 z tej okazji uroczysto\u015bciach podkre\u015blano jednak wielowiekow\u0105 (i niezale\u017cn\u0105 od struktur unijnych) obecno\u015b\u0107<!--more--> Polski w Europie. Jak widz\u0105 miejsce Polski w Europie nasi rodacy i w jakim stopniu czuj\u0105 si\u0119 Europejczykami? Jakie znaczenie historyczne przypisuj\u0105 wej\u015bciu Polski do Unii oraz jak widz\u0105 pozycj\u0119 naszego kraju w Unii Europejskiej? O te sprawy TNS OBOP zapyta\u0142 Polak\u00f3w w sonda\u017cu zrealizowanym w pierwszej dekadzie maja.<\/p>\n<div class=\"infopay\">Raport udost\u0119pniany jest bezp\u0142atnie, w us\u0142udze &#8222;udost\u0119pnij aby pobra\u0107&#8221;.<br \/>\n          <b>Na czym to polega?<\/b> Raport b\u0119dzie dost\u0119pny do pobrania w pdf po udost\u0119pnieniu wpisu z linkiem do Archiwum Raport\u00f3w TNS Polska na wybranym serwisie spo\u0142eczno\u015bciowym: Facebooku lub Twitterze.\n          <\/div>\n","protected":false},"excerpt":{"rendered":"<p>1 maja 2004 r. Polska sta\u0142a si\u0119 cz\u0142onkiem Unii Europejskiej. W odbywaj\u0105cych si\u0119 z tej okazji uroczysto\u015bciach podkre\u015blano jednak wielowiekow\u0105 (i niezale\u017cn\u0105 od struktur unijnych) obecno\u015b\u0107<\/p>\n","protected":false},"author":1,"featured_media":0,"comment_status":"closed","ping_status":"closed","sticky":false,"template":"","format":"standard","meta":{"ngg_post_thumbnail":0},"categories":[1],"tags":[],"_links":{"self":[{"href":"https:\/\/public.kantarpolska.com\/archiwumraportow\/wp-json\/wp\/v2\/posts\/4303"}],"collection":[{"href":"https:\/\/public.kantarpolska.com\/archiwumraportow\/wp-json\/wp\/v2\/posts"}],"about":[{"href":"https:\/\/public.kantarpolska.com\/archiwumraportow\/wp-json\/wp\/v2\/types\/post"}],"author":[{"embeddable":true,"href":"https:\/\/public.kantarpolska.com\/archiwumraportow\/wp-json\/wp\/v2\/users\/1"}],"replies":[{"embeddable":true,"href":"https:\/\/public.kantarpolska.com\/archiwumraportow\/wp-json\/wp\/v2\/comments?post=4303"}],"version-history":[{"count":0,"href":"https:\/\/public.kantarpolska.com\/archiwumraportow\/wp-json\/wp\/v2\/posts\/4303\/revisions"}],"wp:attachment":[{"href":"https:\/\/public.kantarpolska.com\/archiwumraportow\/wp-json\/wp\/v2\/media?parent=4303"}],"wp:term":[{"taxonomy":"category","embeddable":true,"href":"https:\/\/public.kantarpolska.com\/archiwumraportow\/wp-json\/wp\/v2\/categories?post=4303"},{"taxonomy":"post_tag","embeddable":true,"href":"https:\/\/public.kantarpolska.com\/archiwumraportow\/wp-json\/wp\/v2\/tags?post=4303"}],"curies":[{"name":"wp","href":"https:\/\/api.w.org\/{rel}","templated":true}]}}