
{"id":4301,"date":"2004-05-09T00:00:00","date_gmt":"2004-05-09T00:00:00","guid":{"rendered":"https:\/\/www.tnsglobal.pl\/archiwumraportow\/2004\/05\/09\/preferencje-polakow-w-wyborach-do-parlamentu-europejskiego-w-maju-2004-r\/"},"modified":"2004-05-09T00:00:00","modified_gmt":"2004-05-09T00:00:00","slug":"preferencje-polakow-w-wyborach-do-parlamentu-europejskiego-w-maju-2004-r","status":"publish","type":"post","link":"https:\/\/public.kantarpolska.com\/archiwumraportow\/2004\/05\/09\/preferencje-polakow-w-wyborach-do-parlamentu-europejskiego-w-maju-2004-r\/","title":{"rendered":"Preferencje Polak\u00f3w w wyborach do Parlamentu Europejskiego w maju 2004 r."},"content":{"rendered":"<p>Dnia 13 czerwca po raz pierwszy w historii b\u0119dziemy wybiera\u0107 swoich przedstawicieli do Parlamentu Europejskiego. Gdy do wybor\u00f3w pozostawa\u0142 niewiele ponad miesi\u0105c przeprowadzili\u015bmy badanie, w kt\u00f3rym zapytali\u015bmy Polak\u00f3w,<!--more--> czy zamierzaj\u0105 wzi\u0105\u0107 udzia\u0142 w tych wyborach i je\u015bli tak, to jak zamierzaj\u0105 g\u0142osowa\u0107. Na prezentowanej badanym li\u015bcie znalaz\u0142o si\u0119 21 komitet\u00f3w, kt\u00f3re zarejestrowa\u0142y listy okr\u0119gowe (materia\u0142y do badania zosta\u0142y oddane do druku jeszcze przed dniem zamkni\u0119cia zg\u0142aszania list kandydat\u00f3w oraz losowaniem jednolitych numer\u00f3w dla komitet\u00f3w wyborczych, dlatego te\u017c komitety u\u0142o\u017cono w badaniu w kolejno\u015bci alfabetycznej i uwzgl\u0119dniono tak\u017ce jeszcze dwa podmioty, kt\u00f3re ostatecznie nie zarejestrowa\u0142y list).<\/p>\n<div class=\"infopay\">Raport udost\u0119pniany jest bezp\u0142atnie, w us\u0142udze &#8222;udost\u0119pnij aby pobra\u0107&#8221;.<br \/>\n          <b>Na czym to polega?<\/b> Raport b\u0119dzie dost\u0119pny do pobrania w pdf po udost\u0119pnieniu wpisu z linkiem do Archiwum Raport\u00f3w TNS Polska na wybranym serwisie spo\u0142eczno\u015bciowym: Facebooku lub Twitterze.\n          <\/div>\n","protected":false},"excerpt":{"rendered":"<p>Dnia 13 czerwca po raz pierwszy w historii b\u0119dziemy wybiera\u0107 swoich przedstawicieli do Parlamentu Europejskiego. Gdy do wybor\u00f3w pozostawa\u0142 niewiele ponad miesi\u0105c przeprowadzili\u015bmy badanie, w kt\u00f3rym zapytali\u015bmy Polak\u00f3w,<\/p>\n","protected":false},"author":1,"featured_media":0,"comment_status":"closed","ping_status":"closed","sticky":false,"template":"","format":"standard","meta":{"ngg_post_thumbnail":0},"categories":[1],"tags":[],"_links":{"self":[{"href":"https:\/\/public.kantarpolska.com\/archiwumraportow\/wp-json\/wp\/v2\/posts\/4301"}],"collection":[{"href":"https:\/\/public.kantarpolska.com\/archiwumraportow\/wp-json\/wp\/v2\/posts"}],"about":[{"href":"https:\/\/public.kantarpolska.com\/archiwumraportow\/wp-json\/wp\/v2\/types\/post"}],"author":[{"embeddable":true,"href":"https:\/\/public.kantarpolska.com\/archiwumraportow\/wp-json\/wp\/v2\/users\/1"}],"replies":[{"embeddable":true,"href":"https:\/\/public.kantarpolska.com\/archiwumraportow\/wp-json\/wp\/v2\/comments?post=4301"}],"version-history":[{"count":0,"href":"https:\/\/public.kantarpolska.com\/archiwumraportow\/wp-json\/wp\/v2\/posts\/4301\/revisions"}],"wp:attachment":[{"href":"https:\/\/public.kantarpolska.com\/archiwumraportow\/wp-json\/wp\/v2\/media?parent=4301"}],"wp:term":[{"taxonomy":"category","embeddable":true,"href":"https:\/\/public.kantarpolska.com\/archiwumraportow\/wp-json\/wp\/v2\/categories?post=4301"},{"taxonomy":"post_tag","embeddable":true,"href":"https:\/\/public.kantarpolska.com\/archiwumraportow\/wp-json\/wp\/v2\/tags?post=4301"}],"curies":[{"name":"wp","href":"https:\/\/api.w.org\/{rel}","templated":true}]}}