
{"id":424,"date":"2001-06-11T00:00:00","date_gmt":"2001-06-11T00:00:00","guid":{"rendered":"https:\/\/www.tnsglobal.pl\/archiwumraportow\/2001\/06\/11\/preferencje-partyjne-polakow-w-pierwszej-polowie-czerwca-2001-r\/"},"modified":"2001-06-11T00:00:00","modified_gmt":"2001-06-11T00:00:00","slug":"preferencje-partyjne-polakow-w-pierwszej-polowie-czerwca-2001-r","status":"publish","type":"post","link":"https:\/\/public.kantarpolska.com\/archiwumraportow\/2001\/06\/11\/preferencje-partyjne-polakow-w-pierwszej-polowie-czerwca-2001-r\/","title":{"rendered":"Preferencje partyjne Polak\u00f3w w pierwszej po\u0142owie czerwca 2001 r."},"content":{"rendered":"<p>W pierwszej po\u0142owie czerwca przeprowadzili\u015bmy kolejne badanie, kt\u00f3rego celem by\u0142 pomiar preferencji partyjnych Polak\u00f3w. W najnowszym badaniu, jak i w poprzednio realizowanym (pod koniec maja) nasza lista ugrupowa\u0144<!--more--> i koalicji podlega\u0142a zasadniczym modyfikacjom. Dwa tygodnie temu, po raz pierwszy na naszej karcie pojawi\u0142o si\u0119 Prawo i Sprawiedliwo\u015b\u0107, z listy znikn\u0119\u0142o UPR (w zwi\u0105zku z decyzj\u0105 polityk\u00f3w tej partii o startowaniu w wyborach z list Platformy Obywatelskiej), a Akcja Wyborcza Solidarno\u015b\u0107 i Ruch Odbudowy Polski zosta\u0142y uwzgl\u0119dnione we wsp\u00f3lnej koalicji. W\u00f3wczas jednak, nie by\u0142o jeszcze wiadomo, jak\u0105 oficjalnie nazw\u0119 nosi\u0107 b\u0119dzie koalicja AWS z ROP i kto stanie na jej czele (dlatego zdecydowali\u015bmy si\u0119 na wpisanie  nazw obu ugrupowa\u0144 i &#8211; w dodawanej przez nas informacji &#8211; nazwisk obu ich lider\u00f3w). Najnowsze badanie uwzgl\u0119dnia\u0142o wi\u0119c &#8211; po raz pierwszy &#8211; koalicj\u0119 z nazw\u0105 Akcja Wyborcza Solidarno\u015b\u0107 Prawicy z liderem Andrzejem Wiszniewskim. To tylko niekt\u00f3re modyfikacje z tych, jakie by\u0142y wprowadzane w ostatnim okresie na naszej li\u015bcie. rnPoniewa\u017c przedstawiane respondentom karty zawieraj\u0105 tylko oficjalne nazwy ugrupowa\u0144 i koalicji (bez wyja\u015bnie\u0144, jakie partie je wsp\u00f3\u0142tworz\u0105), postanowili\u015bmy sprawdzi\u0107 teraz, na ile taka dodatkowa informacja mog\u0142aby wp\u0142ywa\u0107 na decyzje ludzi o tym, kogo poprze\u0107. Dlatego postanowili\u015bmy dwa razy zapyta\u0107 Polak\u00f3w o to, jak g\u0142osowaliby, z tym, \u017ce za drugim razem przedstawiana ludziom karta zawiera\u0142a dodatkowe informacje o organizacjach tworz\u0105cych i popieraj\u0105cych wyszczeg\u00f3lnione komitety (pierwszy spos\u00f3b by\u0142 typowym dla standardu OBOP).rnDotychczasowe zmiany, to zapewne nie koniec ewolucji na kartach partyjnych: ostatnio, powo\u0142anie w\u0142asnego komitetu wyborczego zapowiedzia\u0142 tak\u017ce Janusz Tomaszewski. rnDla wyja\u015bnienia, dodajmy w tym miejscu, \u017ce nasze badanie realizowane by\u0142o jeszcze przed emisj\u0105 w TVP filmu Dramat w trzech aktach. W weekend, kiedy przeprowadzali\u015bmy badanie, w ca\u0142ym kraju trwa\u0142o ustalanie sk\u0142adu list kandydat\u00f3w do Sejmu przez komitety, kt\u00f3re b\u0119d\u0105 ubiega\u0107 si\u0119 o miejsca w parlamencie.<\/p>\n<div class=\"infopay\">Raport udost\u0119pniany jest bezp\u0142atnie, w us\u0142udze &#8222;udost\u0119pnij aby pobra\u0107&#8221;.<br \/>\n          <b>Na czym to polega?<\/b> Raport b\u0119dzie dost\u0119pny do pobrania w pdf po udost\u0119pnieniu wpisu z linkiem do Archiwum Raport\u00f3w TNS Polska na wybranym serwisie spo\u0142eczno\u015bciowym: Facebooku lub Twitterze.\n          <\/div>\n","protected":false},"excerpt":{"rendered":"<p>W pierwszej po\u0142owie czerwca przeprowadzili\u015bmy kolejne badanie, kt\u00f3rego celem by\u0142 pomiar preferencji partyjnych Polak\u00f3w. W najnowszym badaniu, jak i w poprzednio realizowanym (pod koniec maja) nasza lista ugrupowa\u0144<\/p>\n","protected":false},"author":1,"featured_media":0,"comment_status":"closed","ping_status":"closed","sticky":false,"template":"","format":"standard","meta":{"ngg_post_thumbnail":0},"categories":[1],"tags":[],"_links":{"self":[{"href":"https:\/\/public.kantarpolska.com\/archiwumraportow\/wp-json\/wp\/v2\/posts\/424"}],"collection":[{"href":"https:\/\/public.kantarpolska.com\/archiwumraportow\/wp-json\/wp\/v2\/posts"}],"about":[{"href":"https:\/\/public.kantarpolska.com\/archiwumraportow\/wp-json\/wp\/v2\/types\/post"}],"author":[{"embeddable":true,"href":"https:\/\/public.kantarpolska.com\/archiwumraportow\/wp-json\/wp\/v2\/users\/1"}],"replies":[{"embeddable":true,"href":"https:\/\/public.kantarpolska.com\/archiwumraportow\/wp-json\/wp\/v2\/comments?post=424"}],"version-history":[{"count":0,"href":"https:\/\/public.kantarpolska.com\/archiwumraportow\/wp-json\/wp\/v2\/posts\/424\/revisions"}],"wp:attachment":[{"href":"https:\/\/public.kantarpolska.com\/archiwumraportow\/wp-json\/wp\/v2\/media?parent=424"}],"wp:term":[{"taxonomy":"category","embeddable":true,"href":"https:\/\/public.kantarpolska.com\/archiwumraportow\/wp-json\/wp\/v2\/categories?post=424"},{"taxonomy":"post_tag","embeddable":true,"href":"https:\/\/public.kantarpolska.com\/archiwumraportow\/wp-json\/wp\/v2\/tags?post=424"}],"curies":[{"name":"wp","href":"https:\/\/api.w.org\/{rel}","templated":true}]}}