
{"id":422,"date":"2001-05-28T00:00:00","date_gmt":"2001-05-28T00:00:00","guid":{"rendered":"https:\/\/www.tnsglobal.pl\/archiwumraportow\/2001\/05\/28\/maj-miesiac-zakochanych-polakow\/"},"modified":"2001-05-28T00:00:00","modified_gmt":"2001-05-28T00:00:00","slug":"maj-miesiac-zakochanych-polakow","status":"publish","type":"post","link":"https:\/\/public.kantarpolska.com\/archiwumraportow\/2001\/05\/28\/maj-miesiac-zakochanych-polakow\/","title":{"rendered":"Maj &#8211; miesi\u0105c zakochanych Polak\u00f3w"},"content":{"rendered":"<p>Cudowna pogoda w \u015brod\u0119 23 maja przypomnia\u0142a nam, \u017ce w\u0142a\u015bnie jest miesi\u0105c zakochanych. I postanowili\u015bmy sprawdzi\u0107, jak to z tym zakochaniem jest. Zapytali\u015bmy wi\u0119c Polak\u00f3w, czy<!--more--> rzeczywi\u015bcie &#8211; ich zdaniem &#8211; wiosna sprzyja mi\u0142o\u015bci. Pr\u00f3bowali\u015bmy te\u017c dowiedzie\u0107 si\u0119, jak licznej grupie spo\u015br\u00f3d nas towarzyszy uczucie zakochania, a w og\u00f3le, kiedy ostatnio zdarzy\u0142o si\u0119 nam zakocha\u0107? Ciekawi\u0142o te\u017c nas, ilu spo\u015br\u00f3d nas zakocha\u0142o si\u0119 w\u0142a\u015bnie tej wiosny&#8230;<\/p>\n<div class=\"infopay\">Raport udost\u0119pniany jest bezp\u0142atnie, w us\u0142udze &#8222;udost\u0119pnij aby pobra\u0107&#8221;.<br \/>\n          <b>Na czym to polega?<\/b> Raport b\u0119dzie dost\u0119pny do pobrania w pdf po udost\u0119pnieniu wpisu z linkiem do Archiwum Raport\u00f3w TNS Polska na wybranym serwisie spo\u0142eczno\u015bciowym: Facebooku lub Twitterze.\n          <\/div>\n","protected":false},"excerpt":{"rendered":"<p>Cudowna pogoda w \u015brod\u0119 23 maja przypomnia\u0142a nam, \u017ce w\u0142a\u015bnie jest miesi\u0105c zakochanych. I postanowili\u015bmy sprawdzi\u0107, jak to z tym zakochaniem jest. Zapytali\u015bmy wi\u0119c Polak\u00f3w, czy<\/p>\n","protected":false},"author":1,"featured_media":0,"comment_status":"closed","ping_status":"closed","sticky":false,"template":"","format":"standard","meta":{"ngg_post_thumbnail":0},"categories":[1],"tags":[],"_links":{"self":[{"href":"https:\/\/public.kantarpolska.com\/archiwumraportow\/wp-json\/wp\/v2\/posts\/422"}],"collection":[{"href":"https:\/\/public.kantarpolska.com\/archiwumraportow\/wp-json\/wp\/v2\/posts"}],"about":[{"href":"https:\/\/public.kantarpolska.com\/archiwumraportow\/wp-json\/wp\/v2\/types\/post"}],"author":[{"embeddable":true,"href":"https:\/\/public.kantarpolska.com\/archiwumraportow\/wp-json\/wp\/v2\/users\/1"}],"replies":[{"embeddable":true,"href":"https:\/\/public.kantarpolska.com\/archiwumraportow\/wp-json\/wp\/v2\/comments?post=422"}],"version-history":[{"count":0,"href":"https:\/\/public.kantarpolska.com\/archiwumraportow\/wp-json\/wp\/v2\/posts\/422\/revisions"}],"wp:attachment":[{"href":"https:\/\/public.kantarpolska.com\/archiwumraportow\/wp-json\/wp\/v2\/media?parent=422"}],"wp:term":[{"taxonomy":"category","embeddable":true,"href":"https:\/\/public.kantarpolska.com\/archiwumraportow\/wp-json\/wp\/v2\/categories?post=422"},{"taxonomy":"post_tag","embeddable":true,"href":"https:\/\/public.kantarpolska.com\/archiwumraportow\/wp-json\/wp\/v2\/tags?post=422"}],"curies":[{"name":"wp","href":"https:\/\/api.w.org\/{rel}","templated":true}]}}