
{"id":415,"date":"2001-04-23T00:00:00","date_gmt":"2001-04-23T00:00:00","guid":{"rendered":"https:\/\/www.tnsglobal.pl\/archiwumraportow\/2001\/04\/23\/czy-polacy-czuja-sie-bezpiecznie\/"},"modified":"2016-06-07T09:55:28","modified_gmt":"2016-06-07T09:55:28","slug":"czy-polacy-czuja-sie-bezpiecznie","status":"publish","type":"post","link":"https:\/\/public.kantarpolska.com\/archiwumraportow\/2001\/04\/23\/czy-polacy-czuja-sie-bezpiecznie\/","title":{"rendered":"Czy Polacy czuj\u0105 si\u0119 bezpiecznie?"},"content":{"rendered":"<p>Czy Polacy rozmawiaj\u0105 w gronie najbli\u017cszych na tematy zwi\u0105zane z przest\u0119pczo\u015bci\u0105? Czy czujemy si\u0119 bezpiecznie w swojej okolicy? Czego najbardziej si\u0119 obawiamy? Jakie oceny przewa\u017caj\u0105 w naszym spo\u0142ecze\u0144stwie<!--more--> kiedy oceniamy skuteczno\u015b\u0107 dzia\u0142a\u0144 policji? Czy dostrzegamy popraw\u0119, pogorszenie czy mo\u017ce nie widzimy \u017cadnych zmian w pracy policji? Odpowiedzi na wszystkie te pytania znajdujemy w wynikach sonda\u017cu przeprowadzonego pod koniec kwietnia 2001 roku.<\/p>\n<div class=\"infopay\">Raport udost\u0119pniany jest bezp\u0142atnie, w us\u0142udze &#8222;udost\u0119pnij aby pobra\u0107&#8221;.<br \/>\n<b>Na czym to polega?<\/b> Raport b\u0119dzie dost\u0119pny do pobrania w pdf po udost\u0119pnieniu wpisu z linkiem do Archiwum Raport\u00f3w TNS Polska na wybranym serwisie spo\u0142eczno\u015bciowym: Facebooku lub Twitterze.<\/div>\n","protected":false},"excerpt":{"rendered":"<p>Czy Polacy rozmawiaj\u0105 w gronie najbli\u017cszych na tematy zwi\u0105zane z przest\u0119pczo\u015bci\u0105? Czy czujemy si\u0119 bezpiecznie w swojej okolicy? Czego najbardziej si\u0119 obawiamy? Jakie oceny przewa\u017caj\u0105 w naszym spo\u0142ecze\u0144stwie<\/p>\n","protected":false},"author":1,"featured_media":0,"comment_status":"closed","ping_status":"closed","sticky":false,"template":"","format":"standard","meta":{"ngg_post_thumbnail":0},"categories":[1],"tags":[146],"_links":{"self":[{"href":"https:\/\/public.kantarpolska.com\/archiwumraportow\/wp-json\/wp\/v2\/posts\/415"}],"collection":[{"href":"https:\/\/public.kantarpolska.com\/archiwumraportow\/wp-json\/wp\/v2\/posts"}],"about":[{"href":"https:\/\/public.kantarpolska.com\/archiwumraportow\/wp-json\/wp\/v2\/types\/post"}],"author":[{"embeddable":true,"href":"https:\/\/public.kantarpolska.com\/archiwumraportow\/wp-json\/wp\/v2\/users\/1"}],"replies":[{"embeddable":true,"href":"https:\/\/public.kantarpolska.com\/archiwumraportow\/wp-json\/wp\/v2\/comments?post=415"}],"version-history":[{"count":1,"href":"https:\/\/public.kantarpolska.com\/archiwumraportow\/wp-json\/wp\/v2\/posts\/415\/revisions"}],"predecessor-version":[{"id":6532,"href":"https:\/\/public.kantarpolska.com\/archiwumraportow\/wp-json\/wp\/v2\/posts\/415\/revisions\/6532"}],"wp:attachment":[{"href":"https:\/\/public.kantarpolska.com\/archiwumraportow\/wp-json\/wp\/v2\/media?parent=415"}],"wp:term":[{"taxonomy":"category","embeddable":true,"href":"https:\/\/public.kantarpolska.com\/archiwumraportow\/wp-json\/wp\/v2\/categories?post=415"},{"taxonomy":"post_tag","embeddable":true,"href":"https:\/\/public.kantarpolska.com\/archiwumraportow\/wp-json\/wp\/v2\/tags?post=415"}],"curies":[{"name":"wp","href":"https:\/\/api.w.org\/{rel}","templated":true}]}}