
{"id":414,"date":"2001-04-09T00:00:00","date_gmt":"2001-04-09T00:00:00","guid":{"rendered":"https:\/\/www.tnsglobal.pl\/archiwumraportow\/2001\/04\/09\/wskaznik-nastrojow-ekonomicznych-polacy-o-kondycji-ekonomicznej-kraju-i-wlasnej-sytuacji-materialnej\/"},"modified":"2001-04-09T00:00:00","modified_gmt":"2001-04-09T00:00:00","slug":"wskaznik-nastrojow-ekonomicznych-polacy-o-kondycji-ekonomicznej-kraju-i-wlasnej-sytuacji-materialnej","status":"publish","type":"post","link":"https:\/\/public.kantarpolska.com\/archiwumraportow\/2001\/04\/09\/wskaznik-nastrojow-ekonomicznych-polacy-o-kondycji-ekonomicznej-kraju-i-wlasnej-sytuacji-materialnej\/","title":{"rendered":"<i>Wska\u017anik Nastroj\u00f3w Ekonomicznych<\/i> &#8211; Polacy o kondycji ekonomicznej kraju i w\u0142asnej sytuacji materialnej"},"content":{"rendered":"<p>Wska\u017anik Nastroj\u00f3w Ekonomicznych jest cyklicznym badaniem prowadzonym przez TNS OBOP. Konstruowany jest on na podstawie dziewi\u0119ciu r\u00f3\u017cnych pyta\u0144: odnosz\u0105cych si\u0119 do sytuacji makroekonomicznej kraju &#8211; z jednej<!--more--> strony i mikroekonomicznej &#8211; gospodarstw domowych &#8211; z drugiej. Pytania, kt\u00f3re s\u0105 baz\u0105 dla tworzenia WNE diagnozuj\u0105 aktualn\u0105 odczuwan\u0105 sytuacj\u0119, oceniaj\u0105 kierunek dotychczasowych zmian oraz obejmuj\u0105 prognozy w perspektywie rocznej oraz trzyletniej. Charakter zadawanych pyta\u0144 pozwala na wyodr\u0119bnienie dw\u00f3ch podwska\u017anik\u00f3w (Wska\u017anika Ocen Gospodarki &#8211; WOG oraz Wska\u017anika Samooceny Gospodarstw Domowych &#8211; WSGD), dzi\u0119ki kt\u00f3rym mo\u017cemy \u0142atwo sprawdzi\u0107, jakie sprawy &#8211; w skali makro- czy mikro- -wp\u0142ywa\u0142y w przesz\u0142o\u015bci i wp\u0142ywaj\u0105 na optymizm b\u0105d\u017a pesymizm w my\u015bleniu Polak\u00f3w o sprawach ekonomicznych.rnNasze poprzednie badanie obejmuj\u0105ce t\u0119 problematyk\u0119 zosta\u0142o przeprowadzone w po\u0142owie ostatniego kwarta\u0142u ubieg\u0142ego roku. Natomiast nasz najnowszy sonda\u017c zrealizowali\u015bmy na pocz\u0105tku drugiego kwarta\u0142u bie\u017c\u0105cego roku.<\/p>\n<div class=\"infopay\">Raport udost\u0119pniany jest bezp\u0142atnie, w us\u0142udze &#8222;udost\u0119pnij aby pobra\u0107&#8221;.<br \/>\n          <b>Na czym to polega?<\/b> Raport b\u0119dzie dost\u0119pny do pobrania w pdf po udost\u0119pnieniu wpisu z linkiem do Archiwum Raport\u00f3w TNS Polska na wybranym serwisie spo\u0142eczno\u015bciowym: Facebooku lub Twitterze.\n          <\/div>\n","protected":false},"excerpt":{"rendered":"<p>Wska\u017anik Nastroj\u00f3w Ekonomicznych jest cyklicznym badaniem prowadzonym przez TNS OBOP. Konstruowany jest on na podstawie dziewi\u0119ciu r\u00f3\u017cnych pyta\u0144: odnosz\u0105cych si\u0119 do sytuacji makroekonomicznej kraju &#8211; z jednej<\/p>\n","protected":false},"author":1,"featured_media":0,"comment_status":"closed","ping_status":"closed","sticky":false,"template":"","format":"standard","meta":{"ngg_post_thumbnail":0},"categories":[1],"tags":[],"_links":{"self":[{"href":"https:\/\/public.kantarpolska.com\/archiwumraportow\/wp-json\/wp\/v2\/posts\/414"}],"collection":[{"href":"https:\/\/public.kantarpolska.com\/archiwumraportow\/wp-json\/wp\/v2\/posts"}],"about":[{"href":"https:\/\/public.kantarpolska.com\/archiwumraportow\/wp-json\/wp\/v2\/types\/post"}],"author":[{"embeddable":true,"href":"https:\/\/public.kantarpolska.com\/archiwumraportow\/wp-json\/wp\/v2\/users\/1"}],"replies":[{"embeddable":true,"href":"https:\/\/public.kantarpolska.com\/archiwumraportow\/wp-json\/wp\/v2\/comments?post=414"}],"version-history":[{"count":0,"href":"https:\/\/public.kantarpolska.com\/archiwumraportow\/wp-json\/wp\/v2\/posts\/414\/revisions"}],"wp:attachment":[{"href":"https:\/\/public.kantarpolska.com\/archiwumraportow\/wp-json\/wp\/v2\/media?parent=414"}],"wp:term":[{"taxonomy":"category","embeddable":true,"href":"https:\/\/public.kantarpolska.com\/archiwumraportow\/wp-json\/wp\/v2\/categories?post=414"},{"taxonomy":"post_tag","embeddable":true,"href":"https:\/\/public.kantarpolska.com\/archiwumraportow\/wp-json\/wp\/v2\/tags?post=414"}],"curies":[{"name":"wp","href":"https:\/\/api.w.org\/{rel}","templated":true}]}}