
{"id":410,"date":"2001-04-09T00:00:00","date_gmt":"2001-04-09T00:00:00","guid":{"rendered":"https:\/\/www.tnsglobal.pl\/archiwumraportow\/2001\/04\/09\/nastroje-spoleczne-w-kwietniu-2001-r\/"},"modified":"2001-04-09T00:00:00","modified_gmt":"2001-04-09T00:00:00","slug":"nastroje-spoleczne-w-kwietniu-2001-r","status":"publish","type":"post","link":"https:\/\/public.kantarpolska.com\/archiwumraportow\/2001\/04\/09\/nastroje-spoleczne-w-kwietniu-2001-r\/","title":{"rendered":"Nastroje spo\u0142eczne w kwietniu 2001 r."},"content":{"rendered":"<p>Po raz kolejny w tym roku Polacy wypowiedzieli si\u0119 na temat kierunku biegu spraw w naszym kraju, ocenili obecny stan polskiej gospodarki oraz podzielili si\u0119 swoimi nadziejami<!--more--> i obawami zwi\u0105zanymi z rozwojem materialnych warunk\u00f3w \u017cycia w perspektywie najbli\u017cszych trzech lat. Badanie zrealizowane w pierwszej po\u0142owie kwietnia pokazuje stan nastroj\u00f3w polskiego spo\u0142ecze\u0144stwa na pocz\u0105tku drugiego kwarta\u0142u 2001 roku.<\/p>\n<div class=\"infopay\">Raport udost\u0119pniany jest bezp\u0142atnie, w us\u0142udze &#8222;udost\u0119pnij aby pobra\u0107&#8221;.<br \/>\n          <b>Na czym to polega?<\/b> Raport b\u0119dzie dost\u0119pny do pobrania w pdf po udost\u0119pnieniu wpisu z linkiem do Archiwum Raport\u00f3w TNS Polska na wybranym serwisie spo\u0142eczno\u015bciowym: Facebooku lub Twitterze.\n          <\/div>\n","protected":false},"excerpt":{"rendered":"<p>Po raz kolejny w tym roku Polacy wypowiedzieli si\u0119 na temat kierunku biegu spraw w naszym kraju, ocenili obecny stan polskiej gospodarki oraz podzielili si\u0119 swoimi nadziejami<\/p>\n","protected":false},"author":1,"featured_media":0,"comment_status":"closed","ping_status":"closed","sticky":false,"template":"","format":"standard","meta":{"ngg_post_thumbnail":0},"categories":[1],"tags":[],"_links":{"self":[{"href":"https:\/\/public.kantarpolska.com\/archiwumraportow\/wp-json\/wp\/v2\/posts\/410"}],"collection":[{"href":"https:\/\/public.kantarpolska.com\/archiwumraportow\/wp-json\/wp\/v2\/posts"}],"about":[{"href":"https:\/\/public.kantarpolska.com\/archiwumraportow\/wp-json\/wp\/v2\/types\/post"}],"author":[{"embeddable":true,"href":"https:\/\/public.kantarpolska.com\/archiwumraportow\/wp-json\/wp\/v2\/users\/1"}],"replies":[{"embeddable":true,"href":"https:\/\/public.kantarpolska.com\/archiwumraportow\/wp-json\/wp\/v2\/comments?post=410"}],"version-history":[{"count":0,"href":"https:\/\/public.kantarpolska.com\/archiwumraportow\/wp-json\/wp\/v2\/posts\/410\/revisions"}],"wp:attachment":[{"href":"https:\/\/public.kantarpolska.com\/archiwumraportow\/wp-json\/wp\/v2\/media?parent=410"}],"wp:term":[{"taxonomy":"category","embeddable":true,"href":"https:\/\/public.kantarpolska.com\/archiwumraportow\/wp-json\/wp\/v2\/categories?post=410"},{"taxonomy":"post_tag","embeddable":true,"href":"https:\/\/public.kantarpolska.com\/archiwumraportow\/wp-json\/wp\/v2\/tags?post=410"}],"curies":[{"name":"wp","href":"https:\/\/api.w.org\/{rel}","templated":true}]}}