
{"id":409,"date":"2001-04-09T00:00:00","date_gmt":"2001-04-09T00:00:00","guid":{"rendered":"https:\/\/www.tnsglobal.pl\/archiwumraportow\/2001\/04\/09\/preferencje-partyjne-polakow-na-poczatku-kwietnia-2001-r\/"},"modified":"2001-04-09T00:00:00","modified_gmt":"2001-04-09T00:00:00","slug":"preferencje-partyjne-polakow-na-poczatku-kwietnia-2001-r","status":"publish","type":"post","link":"https:\/\/public.kantarpolska.com\/archiwumraportow\/2001\/04\/09\/preferencje-partyjne-polakow-na-poczatku-kwietnia-2001-r\/","title":{"rendered":"Preferencje partyjne Polak\u00f3w na pocz\u0105tku kwietnia 2001 r."},"content":{"rendered":"<p>W pierwszej po\u0142owie kwietnia przeprowadzili\u015bmy kolejne badanie dotycz\u0105ce preferencji partyjnych Polak\u00f3w. Obok naszych szacunk\u00f3w dotycz\u0105cych wielko\u015bci frekwencji, prezentujemy rozk\u0142ady g\u0142os\u00f3w dla poszczeg\u00f3lnych partii i ugrupowa\u0144. Te ostatnie dane<!--more--> &#8211; symuluj\u0105ce rzeczywist\u0105 sytuacj\u0119 &#8211; prezentowane s\u0105 dla os\u00f3b, kt\u00f3re po pierwsze: zapowiedzia\u0142y wcze\u015bniej, \u017ce posz\u0142yby g\u0142osowa\u0107; i po drugie: maj\u0105 sprecyzowane preferencje (tzn. wiedz\u0105 na kogo by zag\u0142osowa\u0142y). Oddzielnie podajemy informacj\u0119 o liczbie os\u00f3b, kt\u00f3re cho\u0107 zamierza\u0142yby uczestniczy\u0107 w g\u0142osowaniu, to jednak nie by\u0142yby zdecydowane kogo poprze\u0107. Niewielkie jest prawdopodobie\u0144stwo, by w przypadku rzeczywistego g\u0142osowania (a nie sonda\u017cu) uda\u0142y si\u0119 one zgodnie do urn &#8211; zdecydowana wi\u0119kszo\u015b\u0107 z nich, to ludzie o niesprecyzowanych pogl\u0105dach politycznych, polityk\u0105 si\u0119 nie interesuj\u0105cy. Trudno jednak\u017ce przewidzie\u0107, w kt\u00f3rym kierunku &#8211; pod wp\u0142ywem kampanii, kt\u00f3ra trwa\u0142aby od daty naszego ostatniego sonda\u017cu do dnia rzeczywistego g\u0142osowania (nasze ostatnie sonda\u017ce przed wyborami realizujemy przewa\u017cnie tydzie\u0144 &#8211; najwcze\u015bniej dwa &#8211; przed wyborami; stanowi\u0105 one tylko i wy\u0142\u0105cznie informacj\u0119 o sytuacji aktualnej, nie aspiruj\u0105c do dok\u0142adnej prognozy wyniku wybor\u00f3w) oraz pod wp\u0142ywem innych aktualnych wydarze\u0144 &#8211; skierowa\u0142yby si\u0119 ich preferencje. Tak jak w\u0105tpliwym wydaje si\u0119 szacowanie, \u017ce osoby te posz\u0142yby wtedy do wybor\u00f3w i podejmowa\u0142y decyzje wyborcze, tak w\u0105tpliwym jest za\u0142o\u017cenie, \u017ce osoby o ju\u017c sprecyzowanych preferencjach nie zmieni\u0142yby swoich decyzji. rnrnPod wp\u0142ywem zmian zachodz\u0105cych na scenie partyjnej oraz zawieranych koalicji i porozumie\u0144 wyborczych mi\u0119dzy ugrupowaniami, modyfikacji uleg\u0142a &#8211; ju\u017c po raz kolejny w tym roku &#8211; lista partii, kt\u00f3r\u0105 wr\u0119czamy respondentom pytaj\u0105c o preferencje. Usuni\u0119te zosta\u0142y z niej: Krajowa Partia Emeryt\u00f3w i Rencist\u00f3w (w zwi\u0105zku z przyst\u0105pieniem do koalicji SLD-UP) oraz Koalicja dla Polski (kt\u00f3ra zdecydowa\u0142a o przyst\u0105pieniu do Ruchu Spo\u0142ecznego Alternatywa &#8211; notowania Alternatywy b\u0119d\u0105 monitorowane od nast\u0119pnego pomiaru).<\/p>\n<div class=\"infopay\">Raport udost\u0119pniany jest bezp\u0142atnie, w us\u0142udze &#8222;udost\u0119pnij aby pobra\u0107&#8221;.<br \/>\n          <b>Na czym to polega?<\/b> Raport b\u0119dzie dost\u0119pny do pobrania w pdf po udost\u0119pnieniu wpisu z linkiem do Archiwum Raport\u00f3w TNS Polska na wybranym serwisie spo\u0142eczno\u015bciowym: Facebooku lub Twitterze.\n          <\/div>\n","protected":false},"excerpt":{"rendered":"<p>W pierwszej po\u0142owie kwietnia przeprowadzili\u015bmy kolejne badanie dotycz\u0105ce preferencji partyjnych Polak\u00f3w. Obok naszych szacunk\u00f3w dotycz\u0105cych wielko\u015bci frekwencji, prezentujemy rozk\u0142ady g\u0142os\u00f3w dla poszczeg\u00f3lnych partii i ugrupowa\u0144. Te ostatnie dane<\/p>\n","protected":false},"author":1,"featured_media":0,"comment_status":"closed","ping_status":"closed","sticky":false,"template":"","format":"standard","meta":{"ngg_post_thumbnail":0},"categories":[1],"tags":[],"_links":{"self":[{"href":"https:\/\/public.kantarpolska.com\/archiwumraportow\/wp-json\/wp\/v2\/posts\/409"}],"collection":[{"href":"https:\/\/public.kantarpolska.com\/archiwumraportow\/wp-json\/wp\/v2\/posts"}],"about":[{"href":"https:\/\/public.kantarpolska.com\/archiwumraportow\/wp-json\/wp\/v2\/types\/post"}],"author":[{"embeddable":true,"href":"https:\/\/public.kantarpolska.com\/archiwumraportow\/wp-json\/wp\/v2\/users\/1"}],"replies":[{"embeddable":true,"href":"https:\/\/public.kantarpolska.com\/archiwumraportow\/wp-json\/wp\/v2\/comments?post=409"}],"version-history":[{"count":0,"href":"https:\/\/public.kantarpolska.com\/archiwumraportow\/wp-json\/wp\/v2\/posts\/409\/revisions"}],"wp:attachment":[{"href":"https:\/\/public.kantarpolska.com\/archiwumraportow\/wp-json\/wp\/v2\/media?parent=409"}],"wp:term":[{"taxonomy":"category","embeddable":true,"href":"https:\/\/public.kantarpolska.com\/archiwumraportow\/wp-json\/wp\/v2\/categories?post=409"},{"taxonomy":"post_tag","embeddable":true,"href":"https:\/\/public.kantarpolska.com\/archiwumraportow\/wp-json\/wp\/v2\/tags?post=409"}],"curies":[{"name":"wp","href":"https:\/\/api.w.org\/{rel}","templated":true}]}}