
{"id":406,"date":"2001-03-26T00:00:00","date_gmt":"2001-03-26T00:00:00","guid":{"rendered":"https:\/\/www.tnsglobal.pl\/archiwumraportow\/2001\/03\/26\/preferencje-partyjne-w-koncu-marca-2001-r\/"},"modified":"2001-03-26T00:00:00","modified_gmt":"2001-03-26T00:00:00","slug":"preferencje-partyjne-w-koncu-marca-2001-r","status":"publish","type":"post","link":"https:\/\/public.kantarpolska.com\/archiwumraportow\/2001\/03\/26\/preferencje-partyjne-w-koncu-marca-2001-r\/","title":{"rendered":"Preferencje partyjne w ko\u0144cu marca 2001 r."},"content":{"rendered":"<p>Druga po\u0142owa marca obfitowa\u0142a w szereg wydarze\u0144, zw\u0142aszcza po prawej stronie sceny politycznej. W tygodniu poprzedzaj\u0105cym badanie odby\u0142 si\u0119 kongres programowy AWS. Zaraz potem SKL zdecydowa\u0142o<!--more--> o wyj\u015bciu z AWS i nied\u0142ugo potem podpisa\u0142o deklaracj\u0119 wsp\u00f3\u0142pracy z PO. Przetasowaniom tym towarzyszy\u0142y dyskusje na temat dalszej obecno\u015bci w rz\u0105dzie SKL-owskich ministr\u00f3w. Na prawicy powsta\u0142y nowe formacje polityczne: ruch spo\u0142eczny &#8222;Alternatywa&#8221; oraz &#8222;Prawo i Sprawiedliwo\u015b\u0107&#8221;; pojawi\u0142y si\u0119 ju\u017c zapowiedzi powo\u0142ania Przymierza Prawicy. Tu\u017c przed rozpocz\u0119ciem realizacji badania prezydent zawetowa\u0142 ustaw\u0119 reprywatyzacyjn\u0105. Nasz najnowszy sonda\u017c zosta\u0142 przeprowadzony pod koniec marca; poprzedni mia\u0142 miejsce dwa tygodnie wcze\u015bniej.<\/p>\n<div class=\"infopay\">Raport udost\u0119pniany jest bezp\u0142atnie, w us\u0142udze &#8222;udost\u0119pnij aby pobra\u0107&#8221;.<br \/>\n          <b>Na czym to polega?<\/b> Raport b\u0119dzie dost\u0119pny do pobrania w pdf po udost\u0119pnieniu wpisu z linkiem do Archiwum Raport\u00f3w TNS Polska na wybranym serwisie spo\u0142eczno\u015bciowym: Facebooku lub Twitterze.\n          <\/div>\n","protected":false},"excerpt":{"rendered":"<p>Druga po\u0142owa marca obfitowa\u0142a w szereg wydarze\u0144, zw\u0142aszcza po prawej stronie sceny politycznej. W tygodniu poprzedzaj\u0105cym badanie odby\u0142 si\u0119 kongres programowy AWS. Zaraz potem SKL zdecydowa\u0142o<\/p>\n","protected":false},"author":1,"featured_media":0,"comment_status":"closed","ping_status":"closed","sticky":false,"template":"","format":"standard","meta":{"ngg_post_thumbnail":0},"categories":[1],"tags":[],"_links":{"self":[{"href":"https:\/\/public.kantarpolska.com\/archiwumraportow\/wp-json\/wp\/v2\/posts\/406"}],"collection":[{"href":"https:\/\/public.kantarpolska.com\/archiwumraportow\/wp-json\/wp\/v2\/posts"}],"about":[{"href":"https:\/\/public.kantarpolska.com\/archiwumraportow\/wp-json\/wp\/v2\/types\/post"}],"author":[{"embeddable":true,"href":"https:\/\/public.kantarpolska.com\/archiwumraportow\/wp-json\/wp\/v2\/users\/1"}],"replies":[{"embeddable":true,"href":"https:\/\/public.kantarpolska.com\/archiwumraportow\/wp-json\/wp\/v2\/comments?post=406"}],"version-history":[{"count":0,"href":"https:\/\/public.kantarpolska.com\/archiwumraportow\/wp-json\/wp\/v2\/posts\/406\/revisions"}],"wp:attachment":[{"href":"https:\/\/public.kantarpolska.com\/archiwumraportow\/wp-json\/wp\/v2\/media?parent=406"}],"wp:term":[{"taxonomy":"category","embeddable":true,"href":"https:\/\/public.kantarpolska.com\/archiwumraportow\/wp-json\/wp\/v2\/categories?post=406"},{"taxonomy":"post_tag","embeddable":true,"href":"https:\/\/public.kantarpolska.com\/archiwumraportow\/wp-json\/wp\/v2\/tags?post=406"}],"curies":[{"name":"wp","href":"https:\/\/api.w.org\/{rel}","templated":true}]}}