
{"id":405,"date":"2001-03-12T00:00:00","date_gmt":"2001-03-12T00:00:00","guid":{"rendered":"https:\/\/www.tnsglobal.pl\/archiwumraportow\/2001\/03\/12\/ocena-rzadu-premiera-i-prezydenta-w-marcu-2001-r\/"},"modified":"2001-03-12T00:00:00","modified_gmt":"2001-03-12T00:00:00","slug":"ocena-rzadu-premiera-i-prezydenta-w-marcu-2001-r","status":"publish","type":"post","link":"https:\/\/public.kantarpolska.com\/archiwumraportow\/2001\/03\/12\/ocena-rzadu-premiera-i-prezydenta-w-marcu-2001-r\/","title":{"rendered":"Ocena rz\u0105du, premiera i prezydenta w marcu 2001 r."},"content":{"rendered":"<p>W drugi weekend marca przeprowadzili\u015bmy kolejne badanie dotycz\u0105ce opinii Polak\u00f3w o dzia\u0142aniach rz\u0105du, premiera i prezydent. Wyniki otrzymane w tym sonda\u017cu zestawione zosta\u0142y z tymi, kt\u00f3re uzyskiwali\u015bmy<!--more--> w ci\u0105gu ostatniego p\u00f3\u0142tora roku.<\/p>\n<div class=\"infopay\">Raport udost\u0119pniany jest bezp\u0142atnie, w us\u0142udze &#8222;udost\u0119pnij aby pobra\u0107&#8221;.<br \/>\n          <b>Na czym to polega?<\/b> Raport b\u0119dzie dost\u0119pny do pobrania w pdf po udost\u0119pnieniu wpisu z linkiem do Archiwum Raport\u00f3w TNS Polska na wybranym serwisie spo\u0142eczno\u015bciowym: Facebooku lub Twitterze.\n          <\/div>\n","protected":false},"excerpt":{"rendered":"<p>W drugi weekend marca przeprowadzili\u015bmy kolejne badanie dotycz\u0105ce opinii Polak\u00f3w o dzia\u0142aniach rz\u0105du, premiera i prezydent. Wyniki otrzymane w tym sonda\u017cu zestawione zosta\u0142y z tymi, kt\u00f3re uzyskiwali\u015bmy<\/p>\n","protected":false},"author":1,"featured_media":0,"comment_status":"closed","ping_status":"closed","sticky":false,"template":"","format":"standard","meta":{"ngg_post_thumbnail":0},"categories":[1],"tags":[],"_links":{"self":[{"href":"https:\/\/public.kantarpolska.com\/archiwumraportow\/wp-json\/wp\/v2\/posts\/405"}],"collection":[{"href":"https:\/\/public.kantarpolska.com\/archiwumraportow\/wp-json\/wp\/v2\/posts"}],"about":[{"href":"https:\/\/public.kantarpolska.com\/archiwumraportow\/wp-json\/wp\/v2\/types\/post"}],"author":[{"embeddable":true,"href":"https:\/\/public.kantarpolska.com\/archiwumraportow\/wp-json\/wp\/v2\/users\/1"}],"replies":[{"embeddable":true,"href":"https:\/\/public.kantarpolska.com\/archiwumraportow\/wp-json\/wp\/v2\/comments?post=405"}],"version-history":[{"count":0,"href":"https:\/\/public.kantarpolska.com\/archiwumraportow\/wp-json\/wp\/v2\/posts\/405\/revisions"}],"wp:attachment":[{"href":"https:\/\/public.kantarpolska.com\/archiwumraportow\/wp-json\/wp\/v2\/media?parent=405"}],"wp:term":[{"taxonomy":"category","embeddable":true,"href":"https:\/\/public.kantarpolska.com\/archiwumraportow\/wp-json\/wp\/v2\/categories?post=405"},{"taxonomy":"post_tag","embeddable":true,"href":"https:\/\/public.kantarpolska.com\/archiwumraportow\/wp-json\/wp\/v2\/tags?post=405"}],"curies":[{"name":"wp","href":"https:\/\/api.w.org\/{rel}","templated":true}]}}