
{"id":403,"date":"2001-03-12T00:00:00","date_gmt":"2001-03-12T00:00:00","guid":{"rendered":"https:\/\/www.tnsglobal.pl\/archiwumraportow\/2001\/03\/12\/preferencje-partyjne-polakow-w-pierwszej-polowie-marca-2001-r\/"},"modified":"2001-03-12T00:00:00","modified_gmt":"2001-03-12T00:00:00","slug":"preferencje-partyjne-polakow-w-pierwszej-polowie-marca-2001-r","status":"publish","type":"post","link":"https:\/\/public.kantarpolska.com\/archiwumraportow\/2001\/03\/12\/preferencje-partyjne-polakow-w-pierwszej-polowie-marca-2001-r\/","title":{"rendered":"Preferencje partyjne Polak\u00f3w w pierwszej po\u0142owie marca 2001 r."},"content":{"rendered":"<p>W drugi weekend marca przeprowadzili\u015bmy badanie dotycz\u0105ce preferencji wyborczych Polak\u00f3w i wynikaj\u0105cego z nich podzia\u0142u g\u0142os\u00f3w w parlamencie, w zale\u017cno\u015bci od ordynacji wyborczej &#8211; dotychczas obowi\u0105zuj\u0105cej<!--more--> w wyborach do Sejmu oraz nowej, proponowanej przez Sejm. Przypomnijmy, \u017ce nasz marcowy sonda\u017c realizowany by\u0142 przed konwencj\u0105 programow\u0105 AWS i wyj\u015bciem z tego ugrupowania Stronnictwa Konserwatywno-Ludowego.<\/p>\n<div class=\"infopay\">Raport udost\u0119pniany jest bezp\u0142atnie, w us\u0142udze &#8222;udost\u0119pnij aby pobra\u0107&#8221;.<br \/>\n          <b>Na czym to polega?<\/b> Raport b\u0119dzie dost\u0119pny do pobrania w pdf po udost\u0119pnieniu wpisu z linkiem do Archiwum Raport\u00f3w TNS Polska na wybranym serwisie spo\u0142eczno\u015bciowym: Facebooku lub Twitterze.\n          <\/div>\n","protected":false},"excerpt":{"rendered":"<p>W drugi weekend marca przeprowadzili\u015bmy badanie dotycz\u0105ce preferencji wyborczych Polak\u00f3w i wynikaj\u0105cego z nich podzia\u0142u g\u0142os\u00f3w w parlamencie, w zale\u017cno\u015bci od ordynacji wyborczej &#8211; dotychczas obowi\u0105zuj\u0105cej<\/p>\n","protected":false},"author":1,"featured_media":0,"comment_status":"closed","ping_status":"closed","sticky":false,"template":"","format":"standard","meta":{"ngg_post_thumbnail":0},"categories":[1],"tags":[],"_links":{"self":[{"href":"https:\/\/public.kantarpolska.com\/archiwumraportow\/wp-json\/wp\/v2\/posts\/403"}],"collection":[{"href":"https:\/\/public.kantarpolska.com\/archiwumraportow\/wp-json\/wp\/v2\/posts"}],"about":[{"href":"https:\/\/public.kantarpolska.com\/archiwumraportow\/wp-json\/wp\/v2\/types\/post"}],"author":[{"embeddable":true,"href":"https:\/\/public.kantarpolska.com\/archiwumraportow\/wp-json\/wp\/v2\/users\/1"}],"replies":[{"embeddable":true,"href":"https:\/\/public.kantarpolska.com\/archiwumraportow\/wp-json\/wp\/v2\/comments?post=403"}],"version-history":[{"count":0,"href":"https:\/\/public.kantarpolska.com\/archiwumraportow\/wp-json\/wp\/v2\/posts\/403\/revisions"}],"wp:attachment":[{"href":"https:\/\/public.kantarpolska.com\/archiwumraportow\/wp-json\/wp\/v2\/media?parent=403"}],"wp:term":[{"taxonomy":"category","embeddable":true,"href":"https:\/\/public.kantarpolska.com\/archiwumraportow\/wp-json\/wp\/v2\/categories?post=403"},{"taxonomy":"post_tag","embeddable":true,"href":"https:\/\/public.kantarpolska.com\/archiwumraportow\/wp-json\/wp\/v2\/tags?post=403"}],"curies":[{"name":"wp","href":"https:\/\/api.w.org\/{rel}","templated":true}]}}