
{"id":398,"date":"2001-01-26T00:00:00","date_gmt":"2001-01-26T00:00:00","guid":{"rendered":"https:\/\/www.tnsglobal.pl\/archiwumraportow\/2001\/01\/26\/chlopiec-czy-dziewczynka-polacy-o-dzieciach\/"},"modified":"2001-01-26T00:00:00","modified_gmt":"2001-01-26T00:00:00","slug":"chlopiec-czy-dziewczynka-polacy-o-dzieciach","status":"publish","type":"post","link":"https:\/\/public.kantarpolska.com\/archiwumraportow\/2001\/01\/26\/chlopiec-czy-dziewczynka-polacy-o-dzieciach\/","title":{"rendered":"Ch\u0142opiec czy dziewczynka? Polacy o dzieciach"},"content":{"rendered":"<p>Jaka jest &#8211; zdaniem Polak\u00f3w &#8211; idealna liczba dzieci w rodzinie? Je\u015bli by\u0142oby jedno dziecko &#8211; to ch\u0142opiec czy dziewczynka; kogo \u0142atwiej wychowa\u0107: c\u00f3rk\u0119 czy syna? Czy<!--more--> trzeba mie\u0107 dzieci, \u017ceby czu\u0107 si\u0119 spe\u0142nionym, zrealizowanym? Na te pytania przynosi odpowied\u017a sonda\u017c zrealizowany przez TNS OBOP w ko\u0144cu stycznia 2001 roku.<\/p>\n<div class=\"infopay\">Raport udost\u0119pniany jest bezp\u0142atnie, w us\u0142udze &#8222;udost\u0119pnij aby pobra\u0107&#8221;.<br \/>\n          <b>Na czym to polega?<\/b> Raport b\u0119dzie dost\u0119pny do pobrania w pdf po udost\u0119pnieniu wpisu z linkiem do Archiwum Raport\u00f3w TNS Polska na wybranym serwisie spo\u0142eczno\u015bciowym: Facebooku lub Twitterze.\n          <\/div>\n","protected":false},"excerpt":{"rendered":"<p>Jaka jest &#8211; zdaniem Polak\u00f3w &#8211; idealna liczba dzieci w rodzinie? Je\u015bli by\u0142oby jedno dziecko &#8211; to ch\u0142opiec czy dziewczynka; kogo \u0142atwiej wychowa\u0107: c\u00f3rk\u0119 czy syna? Czy<\/p>\n","protected":false},"author":1,"featured_media":0,"comment_status":"closed","ping_status":"closed","sticky":false,"template":"","format":"standard","meta":{"ngg_post_thumbnail":0},"categories":[1],"tags":[],"_links":{"self":[{"href":"https:\/\/public.kantarpolska.com\/archiwumraportow\/wp-json\/wp\/v2\/posts\/398"}],"collection":[{"href":"https:\/\/public.kantarpolska.com\/archiwumraportow\/wp-json\/wp\/v2\/posts"}],"about":[{"href":"https:\/\/public.kantarpolska.com\/archiwumraportow\/wp-json\/wp\/v2\/types\/post"}],"author":[{"embeddable":true,"href":"https:\/\/public.kantarpolska.com\/archiwumraportow\/wp-json\/wp\/v2\/users\/1"}],"replies":[{"embeddable":true,"href":"https:\/\/public.kantarpolska.com\/archiwumraportow\/wp-json\/wp\/v2\/comments?post=398"}],"version-history":[{"count":0,"href":"https:\/\/public.kantarpolska.com\/archiwumraportow\/wp-json\/wp\/v2\/posts\/398\/revisions"}],"wp:attachment":[{"href":"https:\/\/public.kantarpolska.com\/archiwumraportow\/wp-json\/wp\/v2\/media?parent=398"}],"wp:term":[{"taxonomy":"category","embeddable":true,"href":"https:\/\/public.kantarpolska.com\/archiwumraportow\/wp-json\/wp\/v2\/categories?post=398"},{"taxonomy":"post_tag","embeddable":true,"href":"https:\/\/public.kantarpolska.com\/archiwumraportow\/wp-json\/wp\/v2\/tags?post=398"}],"curies":[{"name":"wp","href":"https:\/\/api.w.org\/{rel}","templated":true}]}}